{"id":1451,"date":"2023-12-07T20:45:21","date_gmt":"2023-12-07T19:45:21","guid":{"rendered":"https:\/\/utwl.pl\/?p=1451"},"modified":"2023-12-19T23:23:04","modified_gmt":"2023-12-19T22:23:04","slug":"zaproszenie-na-wyklad-5","status":"publish","type":"post","link":"https:\/\/utwl.pl\/?p=1451","title":{"rendered":"ZAPROSZENIE NA WYK\u0141AD"},"content":{"rendered":"\n<p class=\"has-text-align-center has-black-color has-text-color has-background has-medium-font-size\" style=\"background-color:#0792e373\">Zarz\u0105d Uniwersytetu Trzeciego Wieku <br>serdecznie zaprasza <br>wszystkich s\u0142uchaczy i sympatyk\u00f3w <br>na wyk\u0142ad P. Jakuba Romaneczko, doktoranta z KUL nt.<br><strong>\u201eCzy mo\u017cna pogodzi\u0107 si\u0119 z przesz\u0142o\u015bci\u0105? O bilansie \u017cycia i jego znaczeniu\u201d.<\/strong><br>Wyk\u0142ad odb\u0119dzie si\u0119&nbsp;<strong>15 grudnia (pi\u0105tek)&nbsp;<\/strong>2023 <br>o godz.&nbsp;<strong>12.00<\/strong>&nbsp;w du\u017cej czytelni MBP ul. Lubelska 36<\/p>\n\n\n\n<figure class=\"wp-block-image size-large is-resized\"><img loading=\"lazy\" decoding=\"async\" src=\"https:\/\/utwl.pl\/wp-content\/uploads\/2023\/12\/chmurka-1024x625.jpg\" alt=\"\" class=\"wp-image-1452\" width=\"723\" height=\"441\" srcset=\"https:\/\/utwl.pl\/wp-content\/uploads\/2023\/12\/chmurka-1024x625.jpg 1024w, https:\/\/utwl.pl\/wp-content\/uploads\/2023\/12\/chmurka-300x183.jpg 300w, https:\/\/utwl.pl\/wp-content\/uploads\/2023\/12\/chmurka-768x468.jpg 768w, https:\/\/utwl.pl\/wp-content\/uploads\/2023\/12\/chmurka-600x366.jpg 600w, https:\/\/utwl.pl\/wp-content\/uploads\/2023\/12\/chmurka.jpg 1200w\" sizes=\"(max-width: 723px) 100vw, 723px\" \/><\/figure>\n","protected":false},"excerpt":{"rendered":"<p>Zarz\u0105d Uniwersytetu Trzeciego Wieku serdecznie zaprasza wszystkich s\u0142uchaczy i sympatyk\u00f3w na wyk\u0142ad P. Jakuba Romaneczko, doktoranta z KUL nt.\u201eCzy mo\u017cna pogodzi\u0107 si\u0119 z przesz\u0142o\u015bci\u0105? O bilansie \u017cycia i jego znaczeniu\u201d.Wyk\u0142ad odb\u0119dzie si\u0119&nbsp;15 grudnia (pi\u0105tek)&nbsp;2023 o godz.&nbsp;12.00&nbsp;w du\u017cej czytelni MBP ul. Lubelska 36<\/p>\n","protected":false},"author":2,"featured_media":1353,"comment_status":"open","ping_status":"open","sticky":false,"template":"","format":"standard","meta":{"footnotes":""},"categories":[8],"tags":[],"class_list":["post-1451","post","type-post","status-publish","format-standard","has-post-thumbnail","hentry","category-zaproszenie"],"_links":{"self":[{"href":"https:\/\/utwl.pl\/index.php?rest_route=\/wp\/v2\/posts\/1451"}],"collection":[{"href":"https:\/\/utwl.pl\/index.php?rest_route=\/wp\/v2\/posts"}],"about":[{"href":"https:\/\/utwl.pl\/index.php?rest_route=\/wp\/v2\/types\/post"}],"author":[{"embeddable":true,"href":"https:\/\/utwl.pl\/index.php?rest_route=\/wp\/v2\/users\/2"}],"replies":[{"embeddable":true,"href":"https:\/\/utwl.pl\/index.php?rest_route=%2Fwp%2Fv2%2Fcomments&post=1451"}],"version-history":[{"count":4,"href":"https:\/\/utwl.pl\/index.php?rest_route=\/wp\/v2\/posts\/1451\/revisions"}],"predecessor-version":[{"id":1466,"href":"https:\/\/utwl.pl\/index.php?rest_route=\/wp\/v2\/posts\/1451\/revisions\/1466"}],"wp:featuredmedia":[{"embeddable":true,"href":"https:\/\/utwl.pl\/index.php?rest_route=\/wp\/v2\/media\/1353"}],"wp:attachment":[{"href":"https:\/\/utwl.pl\/index.php?rest_route=%2Fwp%2Fv2%2Fmedia&parent=1451"}],"wp:term":[{"taxonomy":"category","embeddable":true,"href":"https:\/\/utwl.pl\/index.php?rest_route=%2Fwp%2Fv2%2Fcategories&post=1451"},{"taxonomy":"post_tag","embeddable":true,"href":"https:\/\/utwl.pl\/index.php?rest_route=%2Fwp%2Fv2%2Ftags&post=1451"}],"curies":[{"name":"wp","href":"https:\/\/api.w.org\/{rel}","templated":true}]}}