{"id":1468,"date":"2023-12-19T23:22:13","date_gmt":"2023-12-19T22:22:13","guid":{"rendered":"https:\/\/utwl.pl\/?p=1468"},"modified":"2023-12-26T23:46:48","modified_gmt":"2023-12-26T22:46:48","slug":"o-bilansie-zycia-i-jego-znaczenia","status":"publish","type":"post","link":"https:\/\/utwl.pl\/?p=1468","title":{"rendered":"&#8222;O bilansie \u017cycia i jego znaczeniu&#8221;"},"content":{"rendered":"\n<p class=\"has-text-color has-background has-medium-font-size\" style=\"color:#093e6d;background-color:#e0cb904f\">15 grudnia 2023 r. s\u0142uchacze Uniwersytetu Trzeciego Wieku w Lubartowie zebrali si\u0119 w du\u017cej czytelni Miejskiej Biblioteki Publicznej, gdzie na wst\u0119pie P. Grzegorz Winnicki, dyrektor MBP powita\u0142 wszystkich i na r\u0119ce  prezesa UTW z\u0142o\u017cy\u0142 \u017cyczenia \u015bwi\u0105teczne i noworoczne. <br>Nast\u0119pnie zebrani wys\u0142uchali wyk\u0142adu psychologa Jakuba Romaneczko nt. &#8222;Czy mo\u017cna si\u0119 pogodzi\u0107 z przesz\u0142o\u015bci\u0105? O bilansie \u017cycia i jego znaczeniu&#8221;.  <br>               Doktorant z Katolickiego Uniwersytetu Lubelskiego wyja\u015bni\u0142, czym jest bilans \u017cycia, kiedy si\u0119 go przeprowadza i jakie s\u0105 jego rodzaje. Om\u00f3wi\u0142 jego znaczenie, konsekwencje pozytywne i negatywne dokonywanego bilansu \u017cycia, a tak\u017ce problemy zwi\u0105zane z tym zagadnieniem. Pokaza\u0142 zebranym, \u017ce na zdarzenia mo\u017cna patrze\u0107 w r\u00f3\u017cny spos\u00f3b. Trudne zdarzenia, kt\u00f3rych do\u015bwiadczyli\u015bmy, mo\u017cna postrzega\u0107 jako nieszcz\u0119\u015bcia, kt\u00f3re sprawi\u0142y, \u017ce nasze \u017cycie by\u0142o ci\u0119\u017ckie. Mo\u017cna na nie patrze\u0107 r\u00f3wnie\u017c jak na przeszkody i wyzwania, kt\u00f3rym sprostali\u015bmy i z kt\u00f3rymi poradzili\u015bmy sobie, co dowodzi, \u017ce odnie\u015bli\u015bmy zwyci\u0119stwo.<br>Podkre\u015bli\u0142, jak wa\u017cne jest, by pogodzi\u0107 si\u0119 z przesz\u0142o\u015bci\u0105, umie\u0107 wybaczy\u0107 innym, ale przede wszystkim sobie. <br>          Na zako\u0144czenie wyk\u0142adu prezes UTW serdecznie podzi\u0119kowa\u0142 naszemu go\u015bciowi oraz z\u0142o\u017cy\u0142 wszystkim zebranym \u017cyczenia z okazji \u015bwi\u0105t Bo\u017cego Narodzenia.<\/p>\n\n\n\n<figure class=\"wp-block-image size-large\"><img loading=\"lazy\" decoding=\"async\" width=\"1024\" height=\"877\" src=\"https:\/\/utwl.pl\/wp-content\/uploads\/2023\/12\/wyklad-JR-6-1024x877.jpg\" alt=\"\" class=\"wp-image-1475\" srcset=\"https:\/\/utwl.pl\/wp-content\/uploads\/2023\/12\/wyklad-JR-6-1024x877.jpg 1024w, https:\/\/utwl.pl\/wp-content\/uploads\/2023\/12\/wyklad-JR-6-300x257.jpg 300w, https:\/\/utwl.pl\/wp-content\/uploads\/2023\/12\/wyklad-JR-6-768x658.jpg 768w, https:\/\/utwl.pl\/wp-content\/uploads\/2023\/12\/wyklad-JR-6-1536x1316.jpg 1536w, https:\/\/utwl.pl\/wp-content\/uploads\/2023\/12\/wyklad-JR-6-2048x1754.jpg 2048w, https:\/\/utwl.pl\/wp-content\/uploads\/2023\/12\/wyklad-JR-6-600x514.jpg 600w\" sizes=\"(max-width: 1024px) 100vw, 1024px\" \/><\/figure>\n\n\n\n<figure class=\"wp-block-image size-large\"><img loading=\"lazy\" decoding=\"async\" width=\"1024\" height=\"815\" src=\"https:\/\/utwl.pl\/wp-content\/uploads\/2023\/12\/wyklad-JR-4-1024x815.jpg\" alt=\"\" class=\"wp-image-1470\" srcset=\"https:\/\/utwl.pl\/wp-content\/uploads\/2023\/12\/wyklad-JR-4-1024x815.jpg 1024w, https:\/\/utwl.pl\/wp-content\/uploads\/2023\/12\/wyklad-JR-4-300x239.jpg 300w, https:\/\/utwl.pl\/wp-content\/uploads\/2023\/12\/wyklad-JR-4-768x611.jpg 768w, https:\/\/utwl.pl\/wp-content\/uploads\/2023\/12\/wyklad-JR-4-1536x1222.jpg 1536w, https:\/\/utwl.pl\/wp-content\/uploads\/2023\/12\/wyklad-JR-4-2048x1629.jpg 2048w, https:\/\/utwl.pl\/wp-content\/uploads\/2023\/12\/wyklad-JR-4-600x477.jpg 600w\" sizes=\"(max-width: 1024px) 100vw, 1024px\" \/><\/figure>\n\n\n\n<figure class=\"wp-block-image size-large\"><img loading=\"lazy\" decoding=\"async\" width=\"1024\" height=\"823\" src=\"https:\/\/utwl.pl\/wp-content\/uploads\/2023\/12\/wyklad-JR-3-1024x823.jpg\" alt=\"\" class=\"wp-image-1471\" srcset=\"https:\/\/utwl.pl\/wp-content\/uploads\/2023\/12\/wyklad-JR-3-1024x823.jpg 1024w, https:\/\/utwl.pl\/wp-content\/uploads\/2023\/12\/wyklad-JR-3-300x241.jpg 300w, https:\/\/utwl.pl\/wp-content\/uploads\/2023\/12\/wyklad-JR-3-768x617.jpg 768w, https:\/\/utwl.pl\/wp-content\/uploads\/2023\/12\/wyklad-JR-3-1536x1235.jpg 1536w, https:\/\/utwl.pl\/wp-content\/uploads\/2023\/12\/wyklad-JR-3-2048x1646.jpg 2048w, https:\/\/utwl.pl\/wp-content\/uploads\/2023\/12\/wyklad-JR-3-600x482.jpg 600w\" sizes=\"(max-width: 1024px) 100vw, 1024px\" \/><\/figure>\n\n\n\n<figure class=\"wp-block-image size-large\"><img loading=\"lazy\" decoding=\"async\" width=\"1024\" height=\"922\" src=\"https:\/\/utwl.pl\/wp-content\/uploads\/2023\/12\/wyklad-JR-1a-1024x922.jpg\" alt=\"\" class=\"wp-image-1472\" srcset=\"https:\/\/utwl.pl\/wp-content\/uploads\/2023\/12\/wyklad-JR-1a-1024x922.jpg 1024w, https:\/\/utwl.pl\/wp-content\/uploads\/2023\/12\/wyklad-JR-1a-300x270.jpg 300w, https:\/\/utwl.pl\/wp-content\/uploads\/2023\/12\/wyklad-JR-1a-768x691.jpg 768w, https:\/\/utwl.pl\/wp-content\/uploads\/2023\/12\/wyklad-JR-1a-1536x1382.jpg 1536w, https:\/\/utwl.pl\/wp-content\/uploads\/2023\/12\/wyklad-JR-1a-2048x1843.jpg 2048w, https:\/\/utwl.pl\/wp-content\/uploads\/2023\/12\/wyklad-JR-1a-600x540.jpg 600w\" sizes=\"(max-width: 1024px) 100vw, 1024px\" \/><\/figure>\n","protected":false},"excerpt":{"rendered":"<p>15 grudnia 2023 r. s\u0142uchacze Uniwersytetu Trzeciego Wieku w Lubartowie zebrali si\u0119 w du\u017cej czytelni Miejskiej Biblioteki Publicznej, gdzie na wst\u0119pie P. Grzegorz Winnicki, dyrektor MBP powita\u0142 wszystkich i na r\u0119ce prezesa UTW z\u0142o\u017cy\u0142 \u017cyczenia \u015bwi\u0105teczne i noworoczne. Nast\u0119pnie zebrani wys\u0142uchali wyk\u0142adu psychologa Jakuba Romaneczko nt. &#8222;Czy mo\u017cna si\u0119 pogodzi\u0107 z przesz\u0142o\u015bci\u0105? O bilansie \u017cycia&#8230;<\/p>\n<p class=\"more-link-wrap\"><a href=\"https:\/\/utwl.pl\/?p=1468\" class=\"more-link\">Czytaj wi\u0119cej<span class=\"screen-reader-text\"> &ldquo;&#8222;O bilansie \u017cycia i jego znaczeniu&#8221;&rdquo;<\/span> &raquo;<\/a><\/p>\n","protected":false},"author":2,"featured_media":1469,"comment_status":"open","ping_status":"open","sticky":false,"template":"","format":"standard","meta":{"footnotes":""},"categories":[9],"tags":[],"class_list":["post-1468","post","type-post","status-publish","format-standard","has-post-thumbnail","hentry","category-wiadomosci"],"_links":{"self":[{"href":"https:\/\/utwl.pl\/index.php?rest_route=\/wp\/v2\/posts\/1468"}],"collection":[{"href":"https:\/\/utwl.pl\/index.php?rest_route=\/wp\/v2\/posts"}],"about":[{"href":"https:\/\/utwl.pl\/index.php?rest_route=\/wp\/v2\/types\/post"}],"author":[{"embeddable":true,"href":"https:\/\/utwl.pl\/index.php?rest_route=\/wp\/v2\/users\/2"}],"replies":[{"embeddable":true,"href":"https:\/\/utwl.pl\/index.php?rest_route=%2Fwp%2Fv2%2Fcomments&post=1468"}],"version-history":[{"count":3,"href":"https:\/\/utwl.pl\/index.php?rest_route=\/wp\/v2\/posts\/1468\/revisions"}],"predecessor-version":[{"id":1491,"href":"https:\/\/utwl.pl\/index.php?rest_route=\/wp\/v2\/posts\/1468\/revisions\/1491"}],"wp:featuredmedia":[{"embeddable":true,"href":"https:\/\/utwl.pl\/index.php?rest_route=\/wp\/v2\/media\/1469"}],"wp:attachment":[{"href":"https:\/\/utwl.pl\/index.php?rest_route=%2Fwp%2Fv2%2Fmedia&parent=1468"}],"wp:term":[{"taxonomy":"category","embeddable":true,"href":"https:\/\/utwl.pl\/index.php?rest_route=%2Fwp%2Fv2%2Fcategories&post=1468"},{"taxonomy":"post_tag","embeddable":true,"href":"https:\/\/utwl.pl\/index.php?rest_route=%2Fwp%2Fv2%2Ftags&post=1468"}],"curies":[{"name":"wp","href":"https:\/\/api.w.org\/{rel}","templated":true}]}}