{"id":1485,"date":"2023-12-26T23:45:33","date_gmt":"2023-12-26T22:45:33","guid":{"rendered":"https:\/\/utwl.pl\/?p=1485"},"modified":"2023-12-26T23:46:26","modified_gmt":"2023-12-26T22:46:26","slug":"zaproszenie-4","status":"publish","type":"post","link":"https:\/\/utwl.pl\/?p=1485","title":{"rendered":"ZAPROSZENIE NA KOL\u0118DOWANIE"},"content":{"rendered":"\n<p class=\"has-text-align-center has-text-color has-background has-medium-font-size\" style=\"color:#2209a1;background-color:#dee4f3\">W imieniu Zarz\u0105du Lubartowskiego Towarzystwa Regionalnego <br>serdecznie zapraszamy <br>wszystkich naszych s\u0142uchaczy i sympatyk\u00f3w <br>na <strong>wsp\u00f3lne kol\u0119dowanie<\/strong> Dzieci\u0105tku Jezus z Betlejem .<br>Odb\u0119dzie si\u0119 <strong>28 grudnia 2023 r. (czwartek) o godz. 16.30<\/strong> <br>w sali widowiskowej Powiatowego M\u0142odzie\u017cowego <br>Domu Kultury (stary szpital) ul. S\u0142owackiego 7<br><br><em>Niech ten wiecz\u00f3r b\u0119dzie dla nas czasem <\/em> <br>wzajemnych spotka\u0144 pe\u0142nych \u017cyczliwo\u015bci i dobra.<br><\/p>\n\n\n\n<figure class=\"wp-block-image size-full is-resized\"><img loading=\"lazy\" decoding=\"async\" src=\"https:\/\/utwl.pl\/wp-content\/uploads\/2023\/12\/koledowanie-1.jpg\" alt=\"\" class=\"wp-image-1486\" width=\"666\" height=\"466\" srcset=\"https:\/\/utwl.pl\/wp-content\/uploads\/2023\/12\/koledowanie-1.jpg 810w, https:\/\/utwl.pl\/wp-content\/uploads\/2023\/12\/koledowanie-1-300x210.jpg 300w, https:\/\/utwl.pl\/wp-content\/uploads\/2023\/12\/koledowanie-1-768x538.jpg 768w, https:\/\/utwl.pl\/wp-content\/uploads\/2023\/12\/koledowanie-1-600x420.jpg 600w\" sizes=\"(max-width: 666px) 100vw, 666px\" \/><\/figure>\n","protected":false},"excerpt":{"rendered":"<p>W imieniu Zarz\u0105du Lubartowskiego Towarzystwa Regionalnego serdecznie zapraszamy wszystkich naszych s\u0142uchaczy i sympatyk\u00f3w na wsp\u00f3lne kol\u0119dowanie Dzieci\u0105tku Jezus z Betlejem .Odb\u0119dzie si\u0119 28 grudnia 2023 r. (czwartek) o godz. 16.30 w sali widowiskowej Powiatowego M\u0142odzie\u017cowego Domu Kultury (stary szpital) ul. S\u0142owackiego 7 Niech ten wiecz\u00f3r b\u0119dzie dla nas czasem wzajemnych spotka\u0144 pe\u0142nych \u017cyczliwo\u015bci i dobra.<\/p>\n","protected":false},"author":2,"featured_media":1487,"comment_status":"open","ping_status":"open","sticky":false,"template":"","format":"standard","meta":{"footnotes":""},"categories":[8],"tags":[],"class_list":["post-1485","post","type-post","status-publish","format-standard","has-post-thumbnail","hentry","category-zaproszenie"],"_links":{"self":[{"href":"https:\/\/utwl.pl\/index.php?rest_route=\/wp\/v2\/posts\/1485"}],"collection":[{"href":"https:\/\/utwl.pl\/index.php?rest_route=\/wp\/v2\/posts"}],"about":[{"href":"https:\/\/utwl.pl\/index.php?rest_route=\/wp\/v2\/types\/post"}],"author":[{"embeddable":true,"href":"https:\/\/utwl.pl\/index.php?rest_route=\/wp\/v2\/users\/2"}],"replies":[{"embeddable":true,"href":"https:\/\/utwl.pl\/index.php?rest_route=%2Fwp%2Fv2%2Fcomments&post=1485"}],"version-history":[{"count":3,"href":"https:\/\/utwl.pl\/index.php?rest_route=\/wp\/v2\/posts\/1485\/revisions"}],"predecessor-version":[{"id":1490,"href":"https:\/\/utwl.pl\/index.php?rest_route=\/wp\/v2\/posts\/1485\/revisions\/1490"}],"wp:featuredmedia":[{"embeddable":true,"href":"https:\/\/utwl.pl\/index.php?rest_route=\/wp\/v2\/media\/1487"}],"wp:attachment":[{"href":"https:\/\/utwl.pl\/index.php?rest_route=%2Fwp%2Fv2%2Fmedia&parent=1485"}],"wp:term":[{"taxonomy":"category","embeddable":true,"href":"https:\/\/utwl.pl\/index.php?rest_route=%2Fwp%2Fv2%2Fcategories&post=1485"},{"taxonomy":"post_tag","embeddable":true,"href":"https:\/\/utwl.pl\/index.php?rest_route=%2Fwp%2Fv2%2Ftags&post=1485"}],"curies":[{"name":"wp","href":"https:\/\/api.w.org\/{rel}","templated":true}]}}