{"id":1510,"date":"2024-01-03T14:40:46","date_gmt":"2024-01-03T13:40:46","guid":{"rendered":"https:\/\/utwl.pl\/?p=1510"},"modified":"2024-01-10T00:44:31","modified_gmt":"2024-01-09T23:44:31","slug":"zaproszenie-na-wyklad-6","status":"publish","type":"post","link":"https:\/\/utwl.pl\/?p=1510","title":{"rendered":"ZAPROSZENIE NA WYK\u0141AD"},"content":{"rendered":"\n<p class=\"has-text-align-center has-black-color has-text-color has-background has-medium-font-size\" style=\"background-color:#f7c22f\">Zarz\u0105d Uniwersytetu Trzeciego Wieku w Lubartowie   <br>serdecznie zaprasza wszystkich s\u0142uchaczy i sympatyk\u00f3w  <br>na wyk\u0142ad Pana Andrzeja Zieli\u0144skiego  <br>nt. &#8222;<em>Nienawi\u015b\u0107, pogarda i zawi\u015b\u0107 \u2013 rys historyczny zjawisk i zwi\u0105zane z nimi wydarzenia&#8221;<\/em>.  <br>Wyk\u0142ad odb\u0119dzie si\u0119 <strong>15 stycznia (poniedzia\u0142ek) 2024<\/strong> r. o godz. <strong>11.30<\/strong>  <br>w du\u017cej czytelni Miejskiej Biblioteki Publicznej <br>w Lubartowie, ul. Lubelska 36 <br>SERDECZNIE ZAPRASZAMY!<\/p>\n","protected":false},"excerpt":{"rendered":"<p>Zarz\u0105d Uniwersytetu Trzeciego Wieku w Lubartowie serdecznie zaprasza wszystkich s\u0142uchaczy i sympatyk\u00f3w na wyk\u0142ad Pana Andrzeja Zieli\u0144skiego nt. &#8222;Nienawi\u015b\u0107, pogarda i zawi\u015b\u0107 \u2013 rys historyczny zjawisk i zwi\u0105zane z nimi wydarzenia&#8221;. Wyk\u0142ad odb\u0119dzie si\u0119 15 stycznia (poniedzia\u0142ek) 2024 r. o godz. 11.30 w du\u017cej czytelni Miejskiej Biblioteki Publicznej w Lubartowie, ul. Lubelska 36 SERDECZNIE ZAPRASZAMY!<\/p>\n","protected":false},"author":2,"featured_media":1511,"comment_status":"open","ping_status":"open","sticky":false,"template":"","format":"standard","meta":{"footnotes":""},"categories":[8],"tags":[],"class_list":["post-1510","post","type-post","status-publish","format-standard","has-post-thumbnail","hentry","category-zaproszenie"],"_links":{"self":[{"href":"https:\/\/utwl.pl\/index.php?rest_route=\/wp\/v2\/posts\/1510"}],"collection":[{"href":"https:\/\/utwl.pl\/index.php?rest_route=\/wp\/v2\/posts"}],"about":[{"href":"https:\/\/utwl.pl\/index.php?rest_route=\/wp\/v2\/types\/post"}],"author":[{"embeddable":true,"href":"https:\/\/utwl.pl\/index.php?rest_route=\/wp\/v2\/users\/2"}],"replies":[{"embeddable":true,"href":"https:\/\/utwl.pl\/index.php?rest_route=%2Fwp%2Fv2%2Fcomments&post=1510"}],"version-history":[{"count":8,"href":"https:\/\/utwl.pl\/index.php?rest_route=\/wp\/v2\/posts\/1510\/revisions"}],"predecessor-version":[{"id":1533,"href":"https:\/\/utwl.pl\/index.php?rest_route=\/wp\/v2\/posts\/1510\/revisions\/1533"}],"wp:featuredmedia":[{"embeddable":true,"href":"https:\/\/utwl.pl\/index.php?rest_route=\/wp\/v2\/media\/1511"}],"wp:attachment":[{"href":"https:\/\/utwl.pl\/index.php?rest_route=%2Fwp%2Fv2%2Fmedia&parent=1510"}],"wp:term":[{"taxonomy":"category","embeddable":true,"href":"https:\/\/utwl.pl\/index.php?rest_route=%2Fwp%2Fv2%2Fcategories&post=1510"},{"taxonomy":"post_tag","embeddable":true,"href":"https:\/\/utwl.pl\/index.php?rest_route=%2Fwp%2Fv2%2Ftags&post=1510"}],"curies":[{"name":"wp","href":"https:\/\/api.w.org\/{rel}","templated":true}]}}