{"id":1616,"date":"2024-02-08T01:08:51","date_gmt":"2024-02-08T00:08:51","guid":{"rendered":"https:\/\/utwl.pl\/?p=1616"},"modified":"2024-02-14T23:06:51","modified_gmt":"2024-02-14T22:06:51","slug":"witam-y-w-nowym-semestrze","status":"publish","type":"post","link":"https:\/\/utwl.pl\/?p=1616","title":{"rendered":"WITAM Y W NOWYM SEMESTRZE"},"content":{"rendered":"\n<p class=\"has-black-color has-text-color has-background has-medium-font-size\" style=\"background-color:#bbd5e5\">.Zarz\u0105d UTW serdecznie zaprasza na zaj\u0119cia w drugim semestrze roku 2023\/24. Informujemy, \u017ce nasze stowarzyszenie z\u0142o\u017cy\u0142o oferty na konkurs og\u0142oszony przez Urz\u0105d Miasta Lubart\u00f3w. Zostanie on rozstrzygni\u0119ty zapewne na pocz\u0105tku marca br. Dlatego w lutym prosimy naszych s\u0142uchaczy. o cz\u0119\u015bciowe pokrycie koszt\u00f3w zaj\u0119\u0107. Poni\u017cej informujemy o terminach zaj\u0119\u0107 i kosztach za miesi\u0105c luty:<br>&#8211; <strong>poniedzia\u0142ek<\/strong> godz. 09.00 I grupa, 10.15 II grupa, <strong>trening pami\u0119ci<\/strong> MBP, dop\u0142ata 20 z\u0142 &#8211; zaj\u0119cia od 19.02.2024 r.<\/p>\n\n\n\n<p class=\"has-black-color has-text-color has-background has-medium-font-size\" style=\"background-color:#bbd5e5\"><br>&#8211;<strong> poniedzia\u0142ek<\/strong> godz. 17.15 <strong>gimnastyka korekcyjna<\/strong> w sali  SP nr 3 dop\u0142ata 10 z\u0142, &#8211; zaj\u0119cia od12.02.2024r<br>&#8211; <strong>wtorek<\/strong> godz. 11.30 <strong>gimnastyka na basenie<\/strong> MOSiR dop\u0142ata wej\u015bcie na basen,<br>&#8211; <strong>wtorek<\/strong> godz. 17.00 <strong>zaj\u0119cia taneczne <\/strong>SP nr 1 (finansowane przez LOK)<br>&#8211; <strong>\u015broda<\/strong> godz. 10.00  <strong>zaj\u0119cia ogrodnicze<\/strong> Miejska Biblioteka Publiczna, ul. Lubelska 36,<br>&#8211; <strong>\u015broda<\/strong> <strong> j\u0119zyk angielski<\/strong> godz. 14.15 &#8211; I grupa, godz. 15.20 &#8211; II grupa, godz. 16.25 &#8211; III grupa, dop\u0142ata 20 z\u0142,<br>&#8211; <strong>czwartek<\/strong> godz. 12.00 <strong>warsztaty r\u0119kodzie\u0142a artystycznego<\/strong>  MBP<br>&#8211; <strong>pi\u0105tek<\/strong> godz. 08.15 <strong>j\u0119zyk w\u0142oski<\/strong> MBP dop\u0142ata 25 z\u0142<br>Prosimy r\u00f3wnie\u017c o dokonanie wp\u0142aty za drugi semestr u skarbnika Zarz\u0105du UTW.<\/p>\n\n\n\n<figure class=\"wp-block-image size-full\"><img loading=\"lazy\" decoding=\"async\" width=\"1024\" height=\"621\" src=\"https:\/\/utwl.pl\/wp-content\/uploads\/2024\/02\/seniorzy-1.jpg\" alt=\"\" class=\"wp-image-1617\" srcset=\"https:\/\/utwl.pl\/wp-content\/uploads\/2024\/02\/seniorzy-1.jpg 1024w, https:\/\/utwl.pl\/wp-content\/uploads\/2024\/02\/seniorzy-1-300x182.jpg 300w, https:\/\/utwl.pl\/wp-content\/uploads\/2024\/02\/seniorzy-1-768x466.jpg 768w, https:\/\/utwl.pl\/wp-content\/uploads\/2024\/02\/seniorzy-1-600x364.jpg 600w\" sizes=\"(max-width: 1024px) 100vw, 1024px\" \/><figcaption class=\"wp-element-caption\">Vector illustration of smiling adult men and women with bicycle, electric scooter, dog and nordic walking sticks. Isolated on white.<\/figcaption><\/figure>\n","protected":false},"excerpt":{"rendered":"<p>.Zarz\u0105d UTW serdecznie zaprasza na zaj\u0119cia w drugim semestrze roku 2023\/24. Informujemy, \u017ce nasze stowarzyszenie z\u0142o\u017cy\u0142o oferty na konkurs og\u0142oszony przez Urz\u0105d Miasta Lubart\u00f3w. Zostanie on rozstrzygni\u0119ty zapewne na pocz\u0105tku marca br. Dlatego w lutym prosimy naszych s\u0142uchaczy. o cz\u0119\u015bciowe pokrycie koszt\u00f3w zaj\u0119\u0107. Poni\u017cej informujemy o terminach zaj\u0119\u0107 i kosztach za miesi\u0105c luty:&#8211; poniedzia\u0142ek godz&#8230;.<\/p>\n<p class=\"more-link-wrap\"><a href=\"https:\/\/utwl.pl\/?p=1616\" class=\"more-link\">Czytaj wi\u0119cej<span class=\"screen-reader-text\"> &ldquo;WITAM Y W NOWYM SEMESTRZE&rdquo;<\/span> &raquo;<\/a><\/p>\n","protected":false},"author":2,"featured_media":1618,"comment_status":"open","ping_status":"open","sticky":false,"template":"","format":"standard","meta":{"footnotes":""},"categories":[7],"tags":[],"class_list":["post-1616","post","type-post","status-publish","format-standard","has-post-thumbnail","hentry","category-ogloszenie"],"_links":{"self":[{"href":"https:\/\/utwl.pl\/index.php?rest_route=\/wp\/v2\/posts\/1616"}],"collection":[{"href":"https:\/\/utwl.pl\/index.php?rest_route=\/wp\/v2\/posts"}],"about":[{"href":"https:\/\/utwl.pl\/index.php?rest_route=\/wp\/v2\/types\/post"}],"author":[{"embeddable":true,"href":"https:\/\/utwl.pl\/index.php?rest_route=\/wp\/v2\/users\/2"}],"replies":[{"embeddable":true,"href":"https:\/\/utwl.pl\/index.php?rest_route=%2Fwp%2Fv2%2Fcomments&post=1616"}],"version-history":[{"count":6,"href":"https:\/\/utwl.pl\/index.php?rest_route=\/wp\/v2\/posts\/1616\/revisions"}],"predecessor-version":[{"id":1639,"href":"https:\/\/utwl.pl\/index.php?rest_route=\/wp\/v2\/posts\/1616\/revisions\/1639"}],"wp:featuredmedia":[{"embeddable":true,"href":"https:\/\/utwl.pl\/index.php?rest_route=\/wp\/v2\/media\/1618"}],"wp:attachment":[{"href":"https:\/\/utwl.pl\/index.php?rest_route=%2Fwp%2Fv2%2Fmedia&parent=1616"}],"wp:term":[{"taxonomy":"category","embeddable":true,"href":"https:\/\/utwl.pl\/index.php?rest_route=%2Fwp%2Fv2%2Fcategories&post=1616"},{"taxonomy":"post_tag","embeddable":true,"href":"https:\/\/utwl.pl\/index.php?rest_route=%2Fwp%2Fv2%2Ftags&post=1616"}],"curies":[{"name":"wp","href":"https:\/\/api.w.org\/{rel}","templated":true}]}}