{"id":1629,"date":"2024-02-11T20:03:42","date_gmt":"2024-02-11T19:03:42","guid":{"rendered":"https:\/\/utwl.pl\/?p=1629"},"modified":"2024-02-25T23:22:54","modified_gmt":"2024-02-25T22:22:54","slug":"chopin-jako-mistrz-melodii-zaproszenie-na-wyklad","status":"publish","type":"post","link":"https:\/\/utwl.pl\/?p=1629","title":{"rendered":"CHOPIN JAKO MISTRZ MELODII ZAPROSZENIE NA WYK\u0141AD"},"content":{"rendered":"\n<figure class=\"wp-block-image size-large is-resized\"><img loading=\"lazy\" decoding=\"async\" src=\"https:\/\/utwl.pl\/wp-content\/uploads\/2024\/02\/CHOPIN-3-1-768x1024.jpg\" alt=\"\" class=\"wp-image-1635\" width=\"269\" height=\"359\" srcset=\"https:\/\/utwl.pl\/wp-content\/uploads\/2024\/02\/CHOPIN-3-1-768x1024.jpg 768w, https:\/\/utwl.pl\/wp-content\/uploads\/2024\/02\/CHOPIN-3-1-225x300.jpg 225w, https:\/\/utwl.pl\/wp-content\/uploads\/2024\/02\/CHOPIN-3-1-1152x1536.jpg 1152w, https:\/\/utwl.pl\/wp-content\/uploads\/2024\/02\/CHOPIN-3-1-450x600.jpg 450w, https:\/\/utwl.pl\/wp-content\/uploads\/2024\/02\/CHOPIN-3-1.jpg 1500w\" sizes=\"(max-width: 269px) 100vw, 269px\" \/><\/figure>\n\n\n\n<p class=\"has-text-align-center has-black-color has-text-color has-background has-medium-font-size\" style=\"background-color:#cbbcd4\">Zarz\u0105d Uniwersytetu Trzeciego Wieku w Lubartowie  <br>serdecznie zaprasza s\u0142uchaczy i sympatyk\u00f3w  <br>na wyk\u0142ad Pani Marty Migal  <br>nt.<strong> &#8222;Fryderyk Chopin &#8211; najwi\u0119kszy mistrz melodii&#8221; <\/strong> <br>z okazji 175 rocznicy \u015bmierci najwybitniejszego polskiego kompozytora. <br>Wyk\u0142ad odb\u0119dzie si\u0119 w dniu  <br><strong>22 lutego 2024 r. o godz. 12.00 <\/strong> <br>w Spo\u0142ecznej &nbsp;Szkole Muzycznej Lubartowie, ul. Lubelska 68.<br>SERDECZNIE  ZAPRASZAMY!<\/p>\n\n\n\n<figure class=\"wp-block-image size-large\"><img loading=\"lazy\" decoding=\"async\" width=\"1024\" height=\"643\" src=\"https:\/\/utwl.pl\/wp-content\/uploads\/2024\/02\/chopin_portret_1-1024x643.jpg\" alt=\"\" class=\"wp-image-1632\" srcset=\"https:\/\/utwl.pl\/wp-content\/uploads\/2024\/02\/chopin_portret_1-1024x643.jpg 1024w, https:\/\/utwl.pl\/wp-content\/uploads\/2024\/02\/chopin_portret_1-300x189.jpg 300w, https:\/\/utwl.pl\/wp-content\/uploads\/2024\/02\/chopin_portret_1-768x483.jpg 768w, https:\/\/utwl.pl\/wp-content\/uploads\/2024\/02\/chopin_portret_1-600x377.jpg 600w, https:\/\/utwl.pl\/wp-content\/uploads\/2024\/02\/chopin_portret_1.jpg 1200w\" sizes=\"(max-width: 1024px) 100vw, 1024px\" \/><\/figure>\n","protected":false},"excerpt":{"rendered":"<p>Zarz\u0105d Uniwersytetu Trzeciego Wieku w Lubartowie serdecznie zaprasza s\u0142uchaczy i sympatyk\u00f3w na wyk\u0142ad Pani Marty Migal nt. &#8222;Fryderyk Chopin &#8211; najwi\u0119kszy mistrz melodii&#8221; z okazji 175 rocznicy \u015bmierci najwybitniejszego polskiego kompozytora. Wyk\u0142ad odb\u0119dzie si\u0119 w dniu 22 lutego 2024 r. o godz. 12.00 w Spo\u0142ecznej &nbsp;Szkole Muzycznej Lubartowie, ul. Lubelska 68.SERDECZNIE ZAPRASZAMY!<\/p>\n","protected":false},"author":2,"featured_media":0,"comment_status":"open","ping_status":"open","sticky":false,"template":"","format":"standard","meta":{"footnotes":""},"categories":[8],"tags":[],"class_list":["post-1629","post","type-post","status-publish","format-standard","hentry","category-zaproszenie"],"_links":{"self":[{"href":"https:\/\/utwl.pl\/index.php?rest_route=\/wp\/v2\/posts\/1629"}],"collection":[{"href":"https:\/\/utwl.pl\/index.php?rest_route=\/wp\/v2\/posts"}],"about":[{"href":"https:\/\/utwl.pl\/index.php?rest_route=\/wp\/v2\/types\/post"}],"author":[{"embeddable":true,"href":"https:\/\/utwl.pl\/index.php?rest_route=\/wp\/v2\/users\/2"}],"replies":[{"embeddable":true,"href":"https:\/\/utwl.pl\/index.php?rest_route=%2Fwp%2Fv2%2Fcomments&post=1629"}],"version-history":[{"count":7,"href":"https:\/\/utwl.pl\/index.php?rest_route=\/wp\/v2\/posts\/1629\/revisions"}],"predecessor-version":[{"id":1679,"href":"https:\/\/utwl.pl\/index.php?rest_route=\/wp\/v2\/posts\/1629\/revisions\/1679"}],"wp:attachment":[{"href":"https:\/\/utwl.pl\/index.php?rest_route=%2Fwp%2Fv2%2Fmedia&parent=1629"}],"wp:term":[{"taxonomy":"category","embeddable":true,"href":"https:\/\/utwl.pl\/index.php?rest_route=%2Fwp%2Fv2%2Fcategories&post=1629"},{"taxonomy":"post_tag","embeddable":true,"href":"https:\/\/utwl.pl\/index.php?rest_route=%2Fwp%2Fv2%2Ftags&post=1629"}],"curies":[{"name":"wp","href":"https:\/\/api.w.org\/{rel}","templated":true}]}}