{"id":1660,"date":"2024-02-16T16:34:08","date_gmt":"2024-02-16T15:34:08","guid":{"rendered":"https:\/\/utwl.pl\/?p=1660"},"modified":"2024-02-19T12:06:10","modified_gmt":"2024-02-19T11:06:10","slug":"herbatka-z-hrabia-w-palacu","status":"publish","type":"post","link":"https:\/\/utwl.pl\/?p=1660","title":{"rendered":"HERBATKA Z HRABI\u0104 W PA\u0141ACU &#8212; brak miejsc"},"content":{"rendered":"\n<p class=\"has-text-align-center has-background has-medium-font-size\" style=\"background-color:#f6cfd8\">Zarz\u0105d UTW w ramach wsp\u00f3\u0142pracy <br>z Muzeum Zamoyskich w Koz\u0142\u00f3wce <br>serdecznie zaprasza s\u0142uchaczy na &#8222;Herbatk\u0119 z hrabi\u0105&#8221; <br>czyli spotkanie z hr. Antonim Belin\u0105 Brzozowskim<br> i jego ma\u0142\u017conk\u0105 Ew\u0105, <br>kt\u00f3re odb\u0119dzie si\u0119 <strong>05 marca (wtorek) 2024 r. <\/strong><br><strong>o godz. 12.00 w teatralni.<\/strong><br>Wyjazd autokarem. o godz. 11.15 <br>(przystanki w kierunku na Lublin).<br>Zapisy w biurze UTW do 22.02.2024 r.<\/p>\n\n\n\n<figure class=\"wp-block-image size-full\"><img loading=\"lazy\" decoding=\"async\" width=\"900\" height=\"506\" src=\"https:\/\/utwl.pl\/wp-content\/uploads\/2024\/02\/kozlowka-muzeum-zamoyskich-21-1.jpg\" alt=\"\" class=\"wp-image-1661\" srcset=\"https:\/\/utwl.pl\/wp-content\/uploads\/2024\/02\/kozlowka-muzeum-zamoyskich-21-1.jpg 900w, https:\/\/utwl.pl\/wp-content\/uploads\/2024\/02\/kozlowka-muzeum-zamoyskich-21-1-300x169.jpg 300w, https:\/\/utwl.pl\/wp-content\/uploads\/2024\/02\/kozlowka-muzeum-zamoyskich-21-1-768x432.jpg 768w, https:\/\/utwl.pl\/wp-content\/uploads\/2024\/02\/kozlowka-muzeum-zamoyskich-21-1-600x337.jpg 600w\" sizes=\"(max-width: 900px) 100vw, 900px\" \/><\/figure>\n","protected":false},"excerpt":{"rendered":"<p>Zarz\u0105d UTW w ramach wsp\u00f3\u0142pracy z Muzeum Zamoyskich w Koz\u0142\u00f3wce serdecznie zaprasza s\u0142uchaczy na &#8222;Herbatk\u0119 z hrabi\u0105&#8221; czyli spotkanie z hr. Antonim Belin\u0105 Brzozowskim i jego ma\u0142\u017conk\u0105 Ew\u0105, kt\u00f3re odb\u0119dzie si\u0119 05 marca (wtorek) 2024 r. o godz. 12.00 w teatralni.Wyjazd autokarem. o godz. 11.15 (przystanki w kierunku na Lublin).Zapisy w biurze UTW do 22.02.2024&#8230;<\/p>\n<p class=\"more-link-wrap\"><a href=\"https:\/\/utwl.pl\/?p=1660\" class=\"more-link\">Czytaj wi\u0119cej<span class=\"screen-reader-text\"> &ldquo;HERBATKA Z HRABI\u0104 W PA\u0141ACU &#8212; brak miejsc&rdquo;<\/span> &raquo;<\/a><\/p>\n","protected":false},"author":2,"featured_media":1662,"comment_status":"open","ping_status":"open","sticky":false,"template":"","format":"standard","meta":{"footnotes":""},"categories":[1],"tags":[],"class_list":["post-1660","post","type-post","status-publish","format-standard","has-post-thumbnail","hentry","category-bez-kategorii"],"_links":{"self":[{"href":"https:\/\/utwl.pl\/index.php?rest_route=\/wp\/v2\/posts\/1660"}],"collection":[{"href":"https:\/\/utwl.pl\/index.php?rest_route=\/wp\/v2\/posts"}],"about":[{"href":"https:\/\/utwl.pl\/index.php?rest_route=\/wp\/v2\/types\/post"}],"author":[{"embeddable":true,"href":"https:\/\/utwl.pl\/index.php?rest_route=\/wp\/v2\/users\/2"}],"replies":[{"embeddable":true,"href":"https:\/\/utwl.pl\/index.php?rest_route=%2Fwp%2Fv2%2Fcomments&post=1660"}],"version-history":[{"count":3,"href":"https:\/\/utwl.pl\/index.php?rest_route=\/wp\/v2\/posts\/1660\/revisions"}],"predecessor-version":[{"id":1665,"href":"https:\/\/utwl.pl\/index.php?rest_route=\/wp\/v2\/posts\/1660\/revisions\/1665"}],"wp:featuredmedia":[{"embeddable":true,"href":"https:\/\/utwl.pl\/index.php?rest_route=\/wp\/v2\/media\/1662"}],"wp:attachment":[{"href":"https:\/\/utwl.pl\/index.php?rest_route=%2Fwp%2Fv2%2Fmedia&parent=1660"}],"wp:term":[{"taxonomy":"category","embeddable":true,"href":"https:\/\/utwl.pl\/index.php?rest_route=%2Fwp%2Fv2%2Fcategories&post=1660"},{"taxonomy":"post_tag","embeddable":true,"href":"https:\/\/utwl.pl\/index.php?rest_route=%2Fwp%2Fv2%2Ftags&post=1660"}],"curies":[{"name":"wp","href":"https:\/\/api.w.org\/{rel}","templated":true}]}}