{"id":2117,"date":"2024-08-28T12:29:01","date_gmt":"2024-08-28T10:29:01","guid":{"rendered":"https:\/\/utwl.pl\/?p=2117"},"modified":"2024-08-28T12:29:01","modified_gmt":"2024-08-28T10:29:01","slug":"zaproszenie-na-piknik-rodzinny","status":"publish","type":"post","link":"https:\/\/utwl.pl\/?p=2117","title":{"rendered":"ZAPROSZENIE  NA  PIKNIK  RODZINNY"},"content":{"rendered":"\n<p class=\"has-text-align-center has-background has-medium-font-size\" style=\"background-color:#b2d9f1\">W imieniu Urz\u0119du Miasta Lubart\u00f3w i MKRPA <br>serdecznie zapraszamy s\u0142uchaczy UTW <br>na Piknik Rodzinny  &#8222;<strong>POSTAW NA RODZIN\u0118<\/strong>&#8222;, <br>kt\u00f3ry odb\u0119dzie si\u0119 w parku miejskim <br><strong>30 sierpnia (pi\u0105tek) o godz. 16.30<\/strong><br><br><em>Szczeg\u00f3\u0142owy program<\/em> znajduje si\u0119 na plakacie. <\/p>\n\n\n\n<p><\/p>\n\n\n\n<figure class=\"wp-block-image size-large\"><img loading=\"lazy\" decoding=\"async\" width=\"724\" height=\"1024\" src=\"https:\/\/utwl.pl\/wp-content\/uploads\/2024\/08\/Piknik-Rodzinny-2024-724x1024.png\" alt=\"\" class=\"wp-image-2118\" srcset=\"https:\/\/utwl.pl\/wp-content\/uploads\/2024\/08\/Piknik-Rodzinny-2024-724x1024.png 724w, https:\/\/utwl.pl\/wp-content\/uploads\/2024\/08\/Piknik-Rodzinny-2024-212x300.png 212w, https:\/\/utwl.pl\/wp-content\/uploads\/2024\/08\/Piknik-Rodzinny-2024-768x1086.png 768w, https:\/\/utwl.pl\/wp-content\/uploads\/2024\/08\/Piknik-Rodzinny-2024-1086x1536.png 1086w, https:\/\/utwl.pl\/wp-content\/uploads\/2024\/08\/Piknik-Rodzinny-2024-1448x2048.png 1448w, https:\/\/utwl.pl\/wp-content\/uploads\/2024\/08\/Piknik-Rodzinny-2024-424x600.png 424w, https:\/\/utwl.pl\/wp-content\/uploads\/2024\/08\/Piknik-Rodzinny-2024.png 1587w\" sizes=\"(max-width: 724px) 100vw, 724px\" \/><\/figure>\n","protected":false},"excerpt":{"rendered":"<p>W imieniu Urz\u0119du Miasta Lubart\u00f3w i MKRPA serdecznie zapraszamy s\u0142uchaczy UTW na Piknik Rodzinny &#8222;POSTAW NA RODZIN\u0118&#8222;, kt\u00f3ry odb\u0119dzie si\u0119 w parku miejskim 30 sierpnia (pi\u0105tek) o godz. 16.30 Szczeg\u00f3\u0142owy program znajduje si\u0119 na plakacie.<\/p>\n","protected":false},"author":2,"featured_media":0,"comment_status":"open","ping_status":"open","sticky":false,"template":"","format":"standard","meta":{"footnotes":""},"categories":[1],"tags":[],"class_list":["post-2117","post","type-post","status-publish","format-standard","hentry","category-bez-kategorii"],"_links":{"self":[{"href":"https:\/\/utwl.pl\/index.php?rest_route=\/wp\/v2\/posts\/2117"}],"collection":[{"href":"https:\/\/utwl.pl\/index.php?rest_route=\/wp\/v2\/posts"}],"about":[{"href":"https:\/\/utwl.pl\/index.php?rest_route=\/wp\/v2\/types\/post"}],"author":[{"embeddable":true,"href":"https:\/\/utwl.pl\/index.php?rest_route=\/wp\/v2\/users\/2"}],"replies":[{"embeddable":true,"href":"https:\/\/utwl.pl\/index.php?rest_route=%2Fwp%2Fv2%2Fcomments&post=2117"}],"version-history":[{"count":1,"href":"https:\/\/utwl.pl\/index.php?rest_route=\/wp\/v2\/posts\/2117\/revisions"}],"predecessor-version":[{"id":2119,"href":"https:\/\/utwl.pl\/index.php?rest_route=\/wp\/v2\/posts\/2117\/revisions\/2119"}],"wp:attachment":[{"href":"https:\/\/utwl.pl\/index.php?rest_route=%2Fwp%2Fv2%2Fmedia&parent=2117"}],"wp:term":[{"taxonomy":"category","embeddable":true,"href":"https:\/\/utwl.pl\/index.php?rest_route=%2Fwp%2Fv2%2Fcategories&post=2117"},{"taxonomy":"post_tag","embeddable":true,"href":"https:\/\/utwl.pl\/index.php?rest_route=%2Fwp%2Fv2%2Ftags&post=2117"}],"curies":[{"name":"wp","href":"https:\/\/api.w.org\/{rel}","templated":true}]}}