{"id":2120,"date":"2024-08-31T22:57:13","date_gmt":"2024-08-31T20:57:13","guid":{"rendered":"https:\/\/utwl.pl\/?p=2120"},"modified":"2024-08-31T22:57:13","modified_gmt":"2024-08-31T20:57:13","slug":"utw-na-pikniku-rodzinnym","status":"publish","type":"post","link":"https:\/\/utwl.pl\/?p=2120","title":{"rendered":"UTW  NA  PIKNIKU RODZINNYM"},"content":{"rendered":"\n<p class=\"has-black-color has-text-color has-background has-link-color has-medium-font-size wp-elements-a7994adbb2479783a3b9ddc8cf66d788\" style=\"background-color:#f6a46a\">30 sierpnia 2024 r. w miejskim parku MKRPA we wsp\u00f3\u0142pracy z Fundacj\u0105 &#8222;Stella&#8221; im. Agaty Or\u0142owskiej oraz licznymi stowarzyszeniami naszego miasta zorganizowa\u0142a Piknik Rodzinny &#8222;POSTAW NA RODZIN\u0118&#8221;. My r\u00f3wnie\u017c zaanga\u017cowali\u015bmy si\u0119 w to przedsi\u0119wzi\u0119cie. <br>Dla zainteresowanych uczestnik\u00f3w pikniku przygotowali\u015bmy jako uniwersytet zadania umys\u0142owe, tj. krzy\u017c\u00f3wk\u0119 i quiz dotycz\u0105ce historii i wsp\u00f3\u0142czesno\u015bci Lubartowa. Rozwi\u0105zywali je zar\u00f3wno zar\u00f3wno m\u0142odzi jak i starsi. Dla wszystkich mieli\u015bmy jako nagrody s\u0142odycze (pyszne kr\u00f3wki i galaretki) oraz bardzo po\u017c\u0105dane w ten upalny sierpniowy dzie\u0144 napoje. <\/p>\n\n\n\n<figure class=\"wp-block-image size-large\"><img loading=\"lazy\" decoding=\"async\" width=\"1024\" height=\"768\" src=\"https:\/\/utwl.pl\/wp-content\/uploads\/2024\/08\/piknik-2-1024x768.jpg\" alt=\"\" class=\"wp-image-2123\" srcset=\"https:\/\/utwl.pl\/wp-content\/uploads\/2024\/08\/piknik-2-1024x768.jpg 1024w, https:\/\/utwl.pl\/wp-content\/uploads\/2024\/08\/piknik-2-300x225.jpg 300w, https:\/\/utwl.pl\/wp-content\/uploads\/2024\/08\/piknik-2-768x576.jpg 768w, https:\/\/utwl.pl\/wp-content\/uploads\/2024\/08\/piknik-2-1536x1152.jpg 1536w, https:\/\/utwl.pl\/wp-content\/uploads\/2024\/08\/piknik-2-2048x1536.jpg 2048w, https:\/\/utwl.pl\/wp-content\/uploads\/2024\/08\/piknik-2-600x450.jpg 600w\" sizes=\"(max-width: 1024px) 100vw, 1024px\" \/><\/figure>\n\n\n\n<figure class=\"wp-block-image size-large\"><img loading=\"lazy\" decoding=\"async\" width=\"1024\" height=\"768\" src=\"https:\/\/utwl.pl\/wp-content\/uploads\/2024\/08\/piknik-3-1024x768.jpg\" alt=\"\" class=\"wp-image-2125\" srcset=\"https:\/\/utwl.pl\/wp-content\/uploads\/2024\/08\/piknik-3-1024x768.jpg 1024w, https:\/\/utwl.pl\/wp-content\/uploads\/2024\/08\/piknik-3-300x225.jpg 300w, https:\/\/utwl.pl\/wp-content\/uploads\/2024\/08\/piknik-3-768x576.jpg 768w, https:\/\/utwl.pl\/wp-content\/uploads\/2024\/08\/piknik-3-1536x1152.jpg 1536w, https:\/\/utwl.pl\/wp-content\/uploads\/2024\/08\/piknik-3-2048x1536.jpg 2048w, https:\/\/utwl.pl\/wp-content\/uploads\/2024\/08\/piknik-3-600x450.jpg 600w\" sizes=\"(max-width: 1024px) 100vw, 1024px\" \/><\/figure>\n\n\n\n<figure class=\"wp-block-image size-large\"><img loading=\"lazy\" decoding=\"async\" width=\"1024\" height=\"768\" src=\"http:\/\/utwl.pl\/wp-content\/uploads\/2024\/08\/piknik-5-1024x768.jpg\" alt=\"\" class=\"wp-image-2124\" srcset=\"https:\/\/utwl.pl\/wp-content\/uploads\/2024\/08\/piknik-5-1024x768.jpg 1024w, https:\/\/utwl.pl\/wp-content\/uploads\/2024\/08\/piknik-5-300x225.jpg 300w, https:\/\/utwl.pl\/wp-content\/uploads\/2024\/08\/piknik-5-768x576.jpg 768w, https:\/\/utwl.pl\/wp-content\/uploads\/2024\/08\/piknik-5-1536x1152.jpg 1536w, https:\/\/utwl.pl\/wp-content\/uploads\/2024\/08\/piknik-5-2048x1536.jpg 2048w, https:\/\/utwl.pl\/wp-content\/uploads\/2024\/08\/piknik-5-600x450.jpg 600w\" sizes=\"(max-width: 1024px) 100vw, 1024px\" \/><\/figure>\n","protected":false},"excerpt":{"rendered":"<p>30 sierpnia 2024 r. w miejskim parku MKRPA we wsp\u00f3\u0142pracy z Fundacj\u0105 &#8222;Stella&#8221; im. Agaty Or\u0142owskiej oraz licznymi stowarzyszeniami naszego miasta zorganizowa\u0142a Piknik Rodzinny &#8222;POSTAW NA RODZIN\u0118&#8221;. My r\u00f3wnie\u017c zaanga\u017cowali\u015bmy si\u0119 w to przedsi\u0119wzi\u0119cie. Dla zainteresowanych uczestnik\u00f3w pikniku przygotowali\u015bmy jako uniwersytet zadania umys\u0142owe, tj. krzy\u017c\u00f3wk\u0119 i quiz dotycz\u0105ce historii i wsp\u00f3\u0142czesno\u015bci Lubartowa. Rozwi\u0105zywali je zar\u00f3wno&#8230;<\/p>\n<p class=\"more-link-wrap\"><a href=\"https:\/\/utwl.pl\/?p=2120\" class=\"more-link\">Czytaj wi\u0119cej<span class=\"screen-reader-text\"> &ldquo;UTW  NA  PIKNIKU RODZINNYM&rdquo;<\/span> &raquo;<\/a><\/p>\n","protected":false},"author":2,"featured_media":2121,"comment_status":"open","ping_status":"open","sticky":false,"template":"","format":"standard","meta":{"footnotes":""},"categories":[9],"tags":[],"class_list":["post-2120","post","type-post","status-publish","format-standard","has-post-thumbnail","hentry","category-wiadomosci"],"_links":{"self":[{"href":"https:\/\/utwl.pl\/index.php?rest_route=\/wp\/v2\/posts\/2120"}],"collection":[{"href":"https:\/\/utwl.pl\/index.php?rest_route=\/wp\/v2\/posts"}],"about":[{"href":"https:\/\/utwl.pl\/index.php?rest_route=\/wp\/v2\/types\/post"}],"author":[{"embeddable":true,"href":"https:\/\/utwl.pl\/index.php?rest_route=\/wp\/v2\/users\/2"}],"replies":[{"embeddable":true,"href":"https:\/\/utwl.pl\/index.php?rest_route=%2Fwp%2Fv2%2Fcomments&post=2120"}],"version-history":[{"count":1,"href":"https:\/\/utwl.pl\/index.php?rest_route=\/wp\/v2\/posts\/2120\/revisions"}],"predecessor-version":[{"id":2126,"href":"https:\/\/utwl.pl\/index.php?rest_route=\/wp\/v2\/posts\/2120\/revisions\/2126"}],"wp:featuredmedia":[{"embeddable":true,"href":"https:\/\/utwl.pl\/index.php?rest_route=\/wp\/v2\/media\/2121"}],"wp:attachment":[{"href":"https:\/\/utwl.pl\/index.php?rest_route=%2Fwp%2Fv2%2Fmedia&parent=2120"}],"wp:term":[{"taxonomy":"category","embeddable":true,"href":"https:\/\/utwl.pl\/index.php?rest_route=%2Fwp%2Fv2%2Fcategories&post=2120"},{"taxonomy":"post_tag","embeddable":true,"href":"https:\/\/utwl.pl\/index.php?rest_route=%2Fwp%2Fv2%2Ftags&post=2120"}],"curies":[{"name":"wp","href":"https:\/\/api.w.org\/{rel}","templated":true}]}}