{"id":2127,"date":"2024-08-31T23:23:17","date_gmt":"2024-08-31T21:23:17","guid":{"rendered":"https:\/\/utwl.pl\/?p=2127"},"modified":"2024-08-31T23:30:10","modified_gmt":"2024-08-31T21:30:10","slug":"nowy-rok-akademicki-czas-zaczac","status":"publish","type":"post","link":"https:\/\/utwl.pl\/?p=2127","title":{"rendered":"NOWY ROK AKADEMICKI CZAS ZACZ\u0104\u0106&#8230;"},"content":{"rendered":"\n<p class=\"has-black-color has-text-color has-background has-link-color has-medium-font-size wp-elements-a2701e942c5ceec767f5b56b2430732b\" style=\"background-color:#97bfd6\">Zarz\u0105d Uniwersytetu Trzeciego Wieku w Lubartowie informuje, \u017ce rozpoczynaj\u0105 si\u0119 zapisy <br>na nowy rok akademicki 2024\/25. S\u0142uchaczy i sympatyk\u00f3w serdecznie zapraszamy w ka\u017cdy wtorek i czwartek w godz. 10.00 &#8211; 12.00 do biura UTW w Miejskiej Bibliotece Publicznej <br>w Lubartowie, ul. Lubelska 36, pok\u00f3j 21.<br>W ramach realizowanych projekt\u00f3w finansowanych przez Urz\u0105d Miasta Lubart\u00f3w proponujemy nast\u0119puj\u0105ce zaj\u0119cia:<br>1) projekt <strong>&#8222;Senior aktywny fizycznie&#8221;<\/strong>:<br>    a) aqua aerobic czyli gimnastyka na basenie MOSiR,<br>    b) gimnastyka w sali gimnastyczne w SP nr 3,<br>    c) nauka p\u0142ywania w basenie MOSiR,<br><br>2) projekt <strong>&#8222;Seniorze, dbaj o umys\u0142 i cia\u0142o&#8221;<\/strong>:<br>    a) lektorat j\u0119zyka angielskiego na trzech poziomach w SP nr 1,<br>    b) lektorat j\u0119zyka w\u0142oskiego (poziom \u015bredniozaawansowany),<br>    c) trening pami\u0119ci w MBP,<br>    d) r\u0119kodzie\u0142o artystyczne w MBP,<br>    e) wyk\u0142ady o r\u00f3\u017cnorodnej tematyce (dotycz\u0105ce m.in.  zdrowia, psychiki, historii, muzyki),<br><br>3) projekt <strong>&#8222;Seniorzy poznaj\u0105 kultur\u0119 i pi\u0119kno kraju&#8221;<\/strong>:<br>    wycieczki organizowane do r\u00f3\u017cnych ciekawych miejsc w kraju i do teatru.<br><\/p>\n\n\n\n<figure class=\"wp-block-image size-large\"><img loading=\"lazy\" decoding=\"async\" width=\"1024\" height=\"1024\" src=\"http:\/\/utwl.pl\/wp-content\/uploads\/2024\/04\/20240425_133739-1024x1024.jpg\" alt=\"\" class=\"wp-image-1938\" srcset=\"https:\/\/utwl.pl\/wp-content\/uploads\/2024\/04\/20240425_133739-1024x1024.jpg 1024w, https:\/\/utwl.pl\/wp-content\/uploads\/2024\/04\/20240425_133739-300x300.jpg 300w, https:\/\/utwl.pl\/wp-content\/uploads\/2024\/04\/20240425_133739-150x150.jpg 150w, https:\/\/utwl.pl\/wp-content\/uploads\/2024\/04\/20240425_133739-768x768.jpg 768w, https:\/\/utwl.pl\/wp-content\/uploads\/2024\/04\/20240425_133739-1536x1536.jpg 1536w, https:\/\/utwl.pl\/wp-content\/uploads\/2024\/04\/20240425_133739-2048x2048.jpg 2048w, https:\/\/utwl.pl\/wp-content\/uploads\/2024\/04\/20240425_133739-600x600.jpg 600w\" sizes=\"(max-width: 1024px) 100vw, 1024px\" \/><\/figure>\n\n\n\n<figure class=\"wp-block-image size-large\"><img loading=\"lazy\" decoding=\"async\" width=\"1024\" height=\"1024\" src=\"http:\/\/utwl.pl\/wp-content\/uploads\/2024\/05\/20240516_165425-1024x1024.jpg\" alt=\"\" class=\"wp-image-1995\" srcset=\"https:\/\/utwl.pl\/wp-content\/uploads\/2024\/05\/20240516_165425-1024x1024.jpg 1024w, https:\/\/utwl.pl\/wp-content\/uploads\/2024\/05\/20240516_165425-300x300.jpg 300w, https:\/\/utwl.pl\/wp-content\/uploads\/2024\/05\/20240516_165425-150x150.jpg 150w, https:\/\/utwl.pl\/wp-content\/uploads\/2024\/05\/20240516_165425-768x768.jpg 768w, https:\/\/utwl.pl\/wp-content\/uploads\/2024\/05\/20240516_165425-1536x1536.jpg 1536w, https:\/\/utwl.pl\/wp-content\/uploads\/2024\/05\/20240516_165425-2048x2048.jpg 2048w, https:\/\/utwl.pl\/wp-content\/uploads\/2024\/05\/20240516_165425-600x600.jpg 600w\" sizes=\"(max-width: 1024px) 100vw, 1024px\" \/><\/figure>\n\n\n","protected":false},"excerpt":{"rendered":"<p>Zarz\u0105d Uniwersytetu Trzeciego Wieku w Lubartowie informuje, \u017ce rozpoczynaj\u0105 si\u0119 zapisy na nowy rok akademicki 2024\/25. S\u0142uchaczy i sympatyk\u00f3w serdecznie zapraszamy w ka\u017cdy wtorek i czwartek w godz. 10.00 &#8211; 12.00 do biura UTW w Miejskiej Bibliotece Publicznej w Lubartowie, ul. Lubelska 36, pok\u00f3j 21.W ramach realizowanych projekt\u00f3w finansowanych przez Urz\u0105d Miasta Lubart\u00f3w proponujemy nast\u0119puj\u0105ce&#8230;<\/p>\n<p class=\"more-link-wrap\"><a href=\"https:\/\/utwl.pl\/?p=2127\" class=\"more-link\">Czytaj wi\u0119cej<span class=\"screen-reader-text\"> &ldquo;NOWY ROK AKADEMICKI CZAS ZACZ\u0104\u0106&#8230;&rdquo;<\/span> &raquo;<\/a><\/p>\n","protected":false},"author":2,"featured_media":0,"comment_status":"open","ping_status":"open","sticky":false,"template":"","format":"standard","meta":{"footnotes":""},"categories":[1,7],"tags":[],"class_list":["post-2127","post","type-post","status-publish","format-standard","hentry","category-bez-kategorii","category-ogloszenie"],"_links":{"self":[{"href":"https:\/\/utwl.pl\/index.php?rest_route=\/wp\/v2\/posts\/2127"}],"collection":[{"href":"https:\/\/utwl.pl\/index.php?rest_route=\/wp\/v2\/posts"}],"about":[{"href":"https:\/\/utwl.pl\/index.php?rest_route=\/wp\/v2\/types\/post"}],"author":[{"embeddable":true,"href":"https:\/\/utwl.pl\/index.php?rest_route=\/wp\/v2\/users\/2"}],"replies":[{"embeddable":true,"href":"https:\/\/utwl.pl\/index.php?rest_route=%2Fwp%2Fv2%2Fcomments&post=2127"}],"version-history":[{"count":1,"href":"https:\/\/utwl.pl\/index.php?rest_route=\/wp\/v2\/posts\/2127\/revisions"}],"predecessor-version":[{"id":2128,"href":"https:\/\/utwl.pl\/index.php?rest_route=\/wp\/v2\/posts\/2127\/revisions\/2128"}],"wp:attachment":[{"href":"https:\/\/utwl.pl\/index.php?rest_route=%2Fwp%2Fv2%2Fmedia&parent=2127"}],"wp:term":[{"taxonomy":"category","embeddable":true,"href":"https:\/\/utwl.pl\/index.php?rest_route=%2Fwp%2Fv2%2Fcategories&post=2127"},{"taxonomy":"post_tag","embeddable":true,"href":"https:\/\/utwl.pl\/index.php?rest_route=%2Fwp%2Fv2%2Ftags&post=2127"}],"curies":[{"name":"wp","href":"https:\/\/api.w.org\/{rel}","templated":true}]}}