{"id":2154,"date":"2024-09-23T16:07:55","date_gmt":"2024-09-23T14:07:55","guid":{"rendered":"https:\/\/utwl.pl\/?p=2154"},"modified":"2024-10-01T22:42:19","modified_gmt":"2024-10-01T20:42:19","slug":"harmonogram-zajec-utw-w-2024-25","status":"publish","type":"post","link":"https:\/\/utwl.pl\/?p=2154","title":{"rendered":"HARMONOGRAM ZAJ\u0118\u0106 UTW W 2024\/25"},"content":{"rendered":"\n<p class=\"has-black-color has-text-color has-background has-link-color has-medium-font-size wp-elements-42cc9c739afe549ccbc5a268a356c1a7\" style=\"background-color:#f8ab74\">Zapraszamy s\u0142uchaczy Uniwersytetu Trzeciego Wieku w Lubartowie na zaj\u0119cia w nowym roku akademickim 2024\/25. W I semestrze nasze zaj\u0119cia b\u0119d\u0105 odbywa\u0142y si\u0119 w podanych ni\u017cej terminach.<br>1. W ramach projektu <strong>&#8222;Senior aktywny fizycznie&#8221;<\/strong>:<br> a) <strong>gimnastyka korekcyjna<\/strong> w SP nr 3 (\u0142\u0105cznik)<br> poniedzia\u0142ek 16.00 -17.00, \u015broda 16.00 &#8211; 17.00<br><em>Pierwsze zaj\u0119cia<\/em> 30.09.2024 r.<br> b) <strong>gimnastyka w basenie<\/strong> w MOSiR<br> wtorek 14.25 &#8211; 15.10<br><em>Pierwsze zaj\u0119cia <\/em>01.10.2024 r.<br> c) <strong>nauka p\u0142ywania<\/strong> w MOSiR<br> pi\u0105tek 08.50 &#8211; 09.35<br><em>Pierwsze zaj\u0119cia 04.10.2024 r.<\/em><\/p>\n\n\n\n<figure class=\"wp-block-image size-large\"><img loading=\"lazy\" decoding=\"async\" width=\"1024\" height=\"768\" src=\"http:\/\/utwl.pl\/wp-content\/uploads\/2024\/04\/IMG-20240405-WA0003-1024x768.jpg\" alt=\"\" class=\"wp-image-1877\" srcset=\"https:\/\/utwl.pl\/wp-content\/uploads\/2024\/04\/IMG-20240405-WA0003-1024x768.jpg 1024w, https:\/\/utwl.pl\/wp-content\/uploads\/2024\/04\/IMG-20240405-WA0003-300x225.jpg 300w, https:\/\/utwl.pl\/wp-content\/uploads\/2024\/04\/IMG-20240405-WA0003-768x576.jpg 768w, https:\/\/utwl.pl\/wp-content\/uploads\/2024\/04\/IMG-20240405-WA0003-1536x1152.jpg 1536w, https:\/\/utwl.pl\/wp-content\/uploads\/2024\/04\/IMG-20240405-WA0003-600x450.jpg 600w, https:\/\/utwl.pl\/wp-content\/uploads\/2024\/04\/IMG-20240405-WA0003.jpg 1600w\" sizes=\"(max-width: 1024px) 100vw, 1024px\" \/><\/figure>\n\n\n\n<p class=\"has-black-color has-text-color has-background has-link-color has-medium-font-size wp-elements-a0d22babc8bed9bcceef37db13ec653c\" style=\"background-color:#52b8f3\">2. W ramach projektu &#8222;<strong>Seniorze, \u0107wicz umys\u0142 i cia\u0142o<\/strong>!:<br> a)<strong> trening pami\u0119ci <\/strong>w Miejskiej Bibliotece Publicznej (du\u017ca czytelnia)<br> poniedzia\u0142ek I grupa 09.00-10.00, II grupa 10.15 &#8211; 11.15<br><em>Pierwsze zaj\u0119cia 07.10.2024 r.<\/em><br> b) <strong>lektorat j\u0119zyka j\u0119zyka angielskiego<\/strong> w SP nr 1 sala nr 5<br> \u015broda grupa pocz\u0105tkuj\u0105ca 15.30, grupa \u015bredniozaawansowana 16,35<br> grupa zaawansowana 17.40<br><em>Pierwsze zaj\u0119cia 02.10.2024 r.<\/em><br> c) <strong>lektorat j\u0119zyka w\u0142oskiego<\/strong> w II LO (ul. Lubelska 68)<br> poniedzia\u0142ek 15.00<br><em>Pierwsze zaj\u0119cia 30.09.2024 r.<\/em><br> d) <strong>r\u0119kodzie\u0142o artystyczne<\/strong> w Miejskiej Bibliotece Publicznej (pok\u00f3j nr 20)<br> czwartek 12.00-14.00<br><em>Pierwsze zaj\u0119cia 10.10.2024 r.<\/em><\/p>\n\n\n\n<figure class=\"wp-block-image size-large\"><img loading=\"lazy\" decoding=\"async\" width=\"1024\" height=\"945\" src=\"https:\/\/utwl.pl\/wp-content\/uploads\/2024\/09\/angielski-1-1024x945.jpg\" alt=\"\" class=\"wp-image-2157\" srcset=\"https:\/\/utwl.pl\/wp-content\/uploads\/2024\/09\/angielski-1-1024x945.jpg 1024w, https:\/\/utwl.pl\/wp-content\/uploads\/2024\/09\/angielski-1-300x277.jpg 300w, https:\/\/utwl.pl\/wp-content\/uploads\/2024\/09\/angielski-1-768x709.jpg 768w, https:\/\/utwl.pl\/wp-content\/uploads\/2024\/09\/angielski-1-600x554.jpg 600w, https:\/\/utwl.pl\/wp-content\/uploads\/2024\/09\/angielski-1.jpg 1200w\" sizes=\"(max-width: 1024px) 100vw, 1024px\" \/><\/figure>\n\n\n\n<p class=\"has-black-color has-text-color has-background has-link-color has-medium-font-size wp-elements-622d39c4e9ca16e8e83a9b431dd02a95\" style=\"background-color:#f19fb3\">3. Zaj\u0119cia pozaprojektowe:<br> a) <strong> spotkania muzyczne<\/strong> w Spo\u0142ecznej Szkole Muzycznej (ul. Lubelska 68)<br> raz w miesi\u0105cu (dok\u0142adny harmonogram zostanie podany)<br> b)<strong> zaj\u0119cia taneczne<\/strong> w SP nr 1 (sala gimnastyczna)<br><em>Pierwsze zaj\u0119cia<\/em> <em>01.10.2024 r.<\/em><br> c) <strong>zaj\u0119cia z ogrodnictwa<\/strong> w Miejskiej Bibliotece Publicznej <br> \u015broda 10.00-11.00<br><em>Pierwsze zaj\u0119cia 02.10.2024 r.<\/em><br> d) <strong>spotkania bryd\u017cowe<\/strong> w Lubartowski O\u015brodku Kultury<br> poniedzia\u0142ek 10.00-15.00, wtorek 13.30-17.30, czwartek 13.00-17.00<br><\/p>\n\n\n\n<p><\/p>\n\n\n\n<p><\/p>\n","protected":false},"excerpt":{"rendered":"<p>Zapraszamy s\u0142uchaczy Uniwersytetu Trzeciego Wieku w Lubartowie na zaj\u0119cia w nowym roku akademickim 2024\/25. W I semestrze nasze zaj\u0119cia b\u0119d\u0105 odbywa\u0142y si\u0119 w podanych ni\u017cej terminach.1. W ramach projektu &#8222;Senior aktywny fizycznie&#8221;: a) gimnastyka korekcyjna w SP nr 3 (\u0142\u0105cznik) poniedzia\u0142ek 16.00 -17.00, \u015broda 16.00 &#8211; 17.00Pierwsze zaj\u0119cia 30.09.2024 r. b) gimnastyka w basenie w&#8230;<\/p>\n<p class=\"more-link-wrap\"><a href=\"https:\/\/utwl.pl\/?p=2154\" class=\"more-link\">Czytaj wi\u0119cej<span class=\"screen-reader-text\"> &ldquo;HARMONOGRAM ZAJ\u0118\u0106 UTW W 2024\/25&rdquo;<\/span> &raquo;<\/a><\/p>\n","protected":false},"author":2,"featured_media":1656,"comment_status":"open","ping_status":"open","sticky":false,"template":"","format":"standard","meta":{"footnotes":""},"categories":[1,7],"tags":[],"class_list":["post-2154","post","type-post","status-publish","format-standard","has-post-thumbnail","hentry","category-bez-kategorii","category-ogloszenie"],"_links":{"self":[{"href":"https:\/\/utwl.pl\/index.php?rest_route=\/wp\/v2\/posts\/2154"}],"collection":[{"href":"https:\/\/utwl.pl\/index.php?rest_route=\/wp\/v2\/posts"}],"about":[{"href":"https:\/\/utwl.pl\/index.php?rest_route=\/wp\/v2\/types\/post"}],"author":[{"embeddable":true,"href":"https:\/\/utwl.pl\/index.php?rest_route=\/wp\/v2\/users\/2"}],"replies":[{"embeddable":true,"href":"https:\/\/utwl.pl\/index.php?rest_route=%2Fwp%2Fv2%2Fcomments&post=2154"}],"version-history":[{"count":4,"href":"https:\/\/utwl.pl\/index.php?rest_route=\/wp\/v2\/posts\/2154\/revisions"}],"predecessor-version":[{"id":2174,"href":"https:\/\/utwl.pl\/index.php?rest_route=\/wp\/v2\/posts\/2154\/revisions\/2174"}],"wp:featuredmedia":[{"embeddable":true,"href":"https:\/\/utwl.pl\/index.php?rest_route=\/wp\/v2\/media\/1656"}],"wp:attachment":[{"href":"https:\/\/utwl.pl\/index.php?rest_route=%2Fwp%2Fv2%2Fmedia&parent=2154"}],"wp:term":[{"taxonomy":"category","embeddable":true,"href":"https:\/\/utwl.pl\/index.php?rest_route=%2Fwp%2Fv2%2Fcategories&post=2154"},{"taxonomy":"post_tag","embeddable":true,"href":"https:\/\/utwl.pl\/index.php?rest_route=%2Fwp%2Fv2%2Ftags&post=2154"}],"curies":[{"name":"wp","href":"https:\/\/api.w.org\/{rel}","templated":true}]}}