{"id":2530,"date":"2025-02-12T23:36:48","date_gmt":"2025-02-12T22:36:48","guid":{"rendered":"https:\/\/utwl.pl\/?p=2530"},"modified":"2025-03-05T00:49:53","modified_gmt":"2025-03-04T23:49:53","slug":"zaproszenie-do-kozlowki","status":"publish","type":"post","link":"https:\/\/utwl.pl\/?p=2530","title":{"rendered":"ZAPROSZENIE DO KOZ\u0141\u00d3WKI"},"content":{"rendered":"\n<p class=\"has-text-align-center has-black-color has-text-color has-background has-link-color has-medium-font-size wp-elements-55b5e8549f890c95a3bb9188c4bf7df1\" style=\"background-color:#a0cade\">W imieniu Muzeum Zamoyskich w Koz\u0142\u00f3wce <br>serdecznie zapraszamy na wernisa\u017c wystawy <br><strong>&#8222;Fajans holenderski. Motywy zdobnicze XVII-XX w.&#8221;<\/strong> <br>kt\u00f3ry rozpocznie si\u0119 o godz. <strong>12.00<\/strong> w dniu <strong>4 marca 2025 <\/strong>r. (wtorek) <br>Wernisa\u017c po\u0142\u0105czony jest z prelekcj\u0105 nt. fajansu holenderskiego, <br>nast\u0119pnie odb\u0119dzie si\u0119 koncert kameralny &#8222;Bohema Trio&#8221; w Teatralni I pi\u0119tro. <br>Zainteresowanych s\u0142uchaczy prosimy o zg\u0142aszanie si\u0119 telefoniczne: <br>tel. 695 240 818 <br>Zg\u0142oszenia przyjmujemy do 24.02.2025 r. &#8211; wej\u015bcie bezp\u0142atne. Gdy b\u0119dzie du\u017ce zainteresowanie zorganizujemy transport.<\/p>\n\n\n\n<p><\/p>\n\n\n\n<figure class=\"wp-block-image size-full is-resized\"><img loading=\"lazy\" decoding=\"async\" width=\"720\" height=\"720\" src=\"https:\/\/utwl.pl\/wp-content\/uploads\/2025\/02\/image-4.png\" alt=\"\" class=\"wp-image-2532\" style=\"width:782px;height:auto\" srcset=\"https:\/\/utwl.pl\/wp-content\/uploads\/2025\/02\/image-4.png 720w, https:\/\/utwl.pl\/wp-content\/uploads\/2025\/02\/image-4-300x300.png 300w, https:\/\/utwl.pl\/wp-content\/uploads\/2025\/02\/image-4-150x150.png 150w\" sizes=\"(max-width: 720px) 100vw, 720px\" \/><\/figure>\n","protected":false},"excerpt":{"rendered":"<p>W imieniu Muzeum Zamoyskich w Koz\u0142\u00f3wce serdecznie zapraszamy na wernisa\u017c wystawy &#8222;Fajans holenderski. Motywy zdobnicze XVII-XX w.&#8221; kt\u00f3ry rozpocznie si\u0119 o godz. 12.00 w dniu 4 marca 2025 r. (wtorek) Wernisa\u017c po\u0142\u0105czony jest z prelekcj\u0105 nt. fajansu holenderskiego, nast\u0119pnie odb\u0119dzie si\u0119 koncert kameralny &#8222;Bohema Trio&#8221; w Teatralni I pi\u0119tro. Zainteresowanych s\u0142uchaczy prosimy o zg\u0142aszanie si\u0119&#8230;<\/p>\n<p class=\"more-link-wrap\"><a href=\"https:\/\/utwl.pl\/?p=2530\" class=\"more-link\">Czytaj wi\u0119cej<span class=\"screen-reader-text\"> &ldquo;ZAPROSZENIE DO KOZ\u0141\u00d3WKI&rdquo;<\/span> &raquo;<\/a><\/p>\n","protected":false},"author":2,"featured_media":2531,"comment_status":"open","ping_status":"open","sticky":false,"template":"","format":"standard","meta":{"footnotes":""},"categories":[1],"tags":[],"class_list":["post-2530","post","type-post","status-publish","format-standard","has-post-thumbnail","hentry","category-bez-kategorii"],"_links":{"self":[{"href":"https:\/\/utwl.pl\/index.php?rest_route=\/wp\/v2\/posts\/2530"}],"collection":[{"href":"https:\/\/utwl.pl\/index.php?rest_route=\/wp\/v2\/posts"}],"about":[{"href":"https:\/\/utwl.pl\/index.php?rest_route=\/wp\/v2\/types\/post"}],"author":[{"embeddable":true,"href":"https:\/\/utwl.pl\/index.php?rest_route=\/wp\/v2\/users\/2"}],"replies":[{"embeddable":true,"href":"https:\/\/utwl.pl\/index.php?rest_route=%2Fwp%2Fv2%2Fcomments&post=2530"}],"version-history":[{"count":2,"href":"https:\/\/utwl.pl\/index.php?rest_route=\/wp\/v2\/posts\/2530\/revisions"}],"predecessor-version":[{"id":2538,"href":"https:\/\/utwl.pl\/index.php?rest_route=\/wp\/v2\/posts\/2530\/revisions\/2538"}],"wp:featuredmedia":[{"embeddable":true,"href":"https:\/\/utwl.pl\/index.php?rest_route=\/wp\/v2\/media\/2531"}],"wp:attachment":[{"href":"https:\/\/utwl.pl\/index.php?rest_route=%2Fwp%2Fv2%2Fmedia&parent=2530"}],"wp:term":[{"taxonomy":"category","embeddable":true,"href":"https:\/\/utwl.pl\/index.php?rest_route=%2Fwp%2Fv2%2Fcategories&post=2530"},{"taxonomy":"post_tag","embeddable":true,"href":"https:\/\/utwl.pl\/index.php?rest_route=%2Fwp%2Fv2%2Ftags&post=2530"}],"curies":[{"name":"wp","href":"https:\/\/api.w.org\/{rel}","templated":true}]}}