{"id":2570,"date":"2025-02-20T23:25:01","date_gmt":"2025-02-20T22:25:01","guid":{"rendered":"https:\/\/utwl.pl\/?p=2570"},"modified":"2025-03-05T00:49:25","modified_gmt":"2025-03-04T23:49:25","slug":"przerwa-w-zajeciach-ferie-zimowe","status":"publish","type":"post","link":"https:\/\/utwl.pl\/?p=2570","title":{"rendered":"PRZERWA W ZAJ\u0118CIACH &#8211; FERIE ZIMOWE"},"content":{"rendered":"\n<p class=\"has-text-align-center has-black-color has-text-color has-background has-link-color has-medium-font-size wp-elements-8d94bf64c73ae48c24c9e355c0e0a517\" style=\"background-color:#c7ccd0\">Zarz\u0105d Uniwersytetu Trzeciego Wieku informuje, <br>\u017ce w okresie <strong>od 17 do 28 lutego 2025 r.<\/strong>  <br>nie b\u0119dzie zaj\u0119\u0107 w zwi\u0105zku z feriami zimowymi w szko\u0142ach. <br>Zaj\u0119cia w II semestrze br. akademickiego rozpoczn\u0105 si\u0119 <br>w <strong>poniedzia\u0142ek 3 marca 2025 r.<\/strong><\/p>\n\n\n\n<p><\/p>\n","protected":false},"excerpt":{"rendered":"<p>Zarz\u0105d Uniwersytetu Trzeciego Wieku informuje, \u017ce w okresie od 17 do 28 lutego 2025 r. nie b\u0119dzie zaj\u0119\u0107 w zwi\u0105zku z feriami zimowymi w szko\u0142ach. Zaj\u0119cia w II semestrze br. akademickiego rozpoczn\u0105 si\u0119 w poniedzia\u0142ek 3 marca 2025 r.<\/p>\n","protected":false},"author":2,"featured_media":2571,"comment_status":"open","ping_status":"open","sticky":false,"template":"","format":"standard","meta":{"footnotes":""},"categories":[1],"tags":[],"class_list":["post-2570","post","type-post","status-publish","format-standard","has-post-thumbnail","hentry","category-bez-kategorii"],"_links":{"self":[{"href":"https:\/\/utwl.pl\/index.php?rest_route=\/wp\/v2\/posts\/2570"}],"collection":[{"href":"https:\/\/utwl.pl\/index.php?rest_route=\/wp\/v2\/posts"}],"about":[{"href":"https:\/\/utwl.pl\/index.php?rest_route=\/wp\/v2\/types\/post"}],"author":[{"embeddable":true,"href":"https:\/\/utwl.pl\/index.php?rest_route=\/wp\/v2\/users\/2"}],"replies":[{"embeddable":true,"href":"https:\/\/utwl.pl\/index.php?rest_route=%2Fwp%2Fv2%2Fcomments&post=2570"}],"version-history":[{"count":2,"href":"https:\/\/utwl.pl\/index.php?rest_route=\/wp\/v2\/posts\/2570\/revisions"}],"predecessor-version":[{"id":2573,"href":"https:\/\/utwl.pl\/index.php?rest_route=\/wp\/v2\/posts\/2570\/revisions\/2573"}],"wp:featuredmedia":[{"embeddable":true,"href":"https:\/\/utwl.pl\/index.php?rest_route=\/wp\/v2\/media\/2571"}],"wp:attachment":[{"href":"https:\/\/utwl.pl\/index.php?rest_route=%2Fwp%2Fv2%2Fmedia&parent=2570"}],"wp:term":[{"taxonomy":"category","embeddable":true,"href":"https:\/\/utwl.pl\/index.php?rest_route=%2Fwp%2Fv2%2Fcategories&post=2570"},{"taxonomy":"post_tag","embeddable":true,"href":"https:\/\/utwl.pl\/index.php?rest_route=%2Fwp%2Fv2%2Ftags&post=2570"}],"curies":[{"name":"wp","href":"https:\/\/api.w.org\/{rel}","templated":true}]}}