{"id":2577,"date":"2025-02-26T22:15:16","date_gmt":"2025-02-26T21:15:16","guid":{"rendered":"https:\/\/utwl.pl\/?p=2577"},"modified":"2025-03-05T00:48:59","modified_gmt":"2025-03-04T23:48:59","slug":"sladami-wykletych-zaproszenie-do-kozlowki","status":"publish","type":"post","link":"https:\/\/utwl.pl\/?p=2577","title":{"rendered":"\u015aLADAMI WYKL\u0118TYCH &#8211; ZAPROSZENIE DO KOZ\u0141OWKI"},"content":{"rendered":"\n<p class=\"has-black-color has-text-color has-background has-link-color has-medium-font-size wp-elements-a65179aac1dff24f611cb788626f03ad\" style=\"background-color:#d8d9da\">W imieniu Muzeum Zamoyskich w Koz\u0142\u00f3wce  zapraszamy na wydarzenie \u201e\u015aladami Wykl\u0119tych\u201d, kt\u00f3re odb\u0119dzie w 1 marca 2025 r. o godz. 15.00.<br>W programie wydarzenia zaplanowano projekcj\u0119 filmu \u201eDar m\u0119stwa\u201d, konferencj\u0119 naukow\u0105 oraz cz\u0119\u015b\u0107 artystyczn\u0105 \u2013 wiecz\u00f3r poetycko muzyczny w wykonaniu Zygmunta Marka Miszczaka i Leszka Iwaniaka pt.: \u201eA\u017c do ofiary mego \u017cycia\u2026\u201d. Nie zabraknie r\u00f3wnie\u017c skromnego pocz\u0119stunku dla go\u015bci bior\u0105cych udzia\u0142 w wydarzeniu.<\/p>\n\n\n\n<p><\/p>\n\n\n\n<p class=\"has-black-color has-text-color has-background has-link-color has-medium-font-size wp-elements-0564d65cee4af09c0b0d77de3e267b4f\" style=\"background-color:#d8d9da\">Program konferencji naukowej, kt\u00f3rej rozpocz\u0119cie zaplanowane jest na 15.30 przewiduje nast\u0119puj\u0105ce wyst\u0105pienia:<br>&#8211; dr Ewa S\u0119dzimierz \u201eUpami\u0119tnienie i kultywowanie tradycji o \u017bo\u0142nierzach Wykl\u0119tych\u201d<br>&#8211; dr Piotr Gawryszczak \u201eDzia\u0142ania 27. Wo\u0142y\u0144skiej Dywizji Piechoty w powiecie lubartowskim\u201d<br>&#8211; dr Justyna Dudek \u201eZnaczenie amnestii 1945 i 1947 r. dla polskiego podziemia niepodleg\u0142o\u015bciowego na przyk\u0142adzie Obwodu Lubart\u00f3w AK\/DSZ\/WiN\u201d<br>&#8211; dr Ewa Kurek \u201eZapora i Zaporczycy\u201d<br>&#8211; dr hab. Jacek Wo\u0142oszyn \u201eNiepodleg\u0142o\u015bciowe podziemie m\u0142odzie\u017cowe w latach 1945-1956\u201d<br>&#8211; Jan Jezior \u201eNajd\u0142u\u017cej ukrywaj\u0105cy si\u0119 polski \u017bo\u0142nierz Niez\u0142omny. Antoni Do\u0142\u0119ga ps. Znicz\u201d<\/p>\n\n\n\n<p><\/p>\n\n\n\n<p><\/p>\n\n\n\n<p><\/p>\n\n\n\n<p><\/p>\n\n\n\n<p><\/p>\n","protected":false},"excerpt":{"rendered":"<p>W imieniu Muzeum Zamoyskich w Koz\u0142\u00f3wce zapraszamy na wydarzenie \u201e\u015aladami Wykl\u0119tych\u201d, kt\u00f3re odb\u0119dzie w 1 marca 2025 r. o godz. 15.00.W programie wydarzenia zaplanowano projekcj\u0119 filmu \u201eDar m\u0119stwa\u201d, konferencj\u0119 naukow\u0105 oraz cz\u0119\u015b\u0107 artystyczn\u0105 \u2013 wiecz\u00f3r poetycko muzyczny w wykonaniu Zygmunta Marka Miszczaka i Leszka Iwaniaka pt.: \u201eA\u017c do ofiary mego \u017cycia\u2026\u201d. Nie zabraknie r\u00f3wnie\u017c skromnego&#8230;<\/p>\n<p class=\"more-link-wrap\"><a href=\"https:\/\/utwl.pl\/?p=2577\" class=\"more-link\">Czytaj wi\u0119cej<span class=\"screen-reader-text\"> &ldquo;\u015aLADAMI WYKL\u0118TYCH &#8211; ZAPROSZENIE DO KOZ\u0141OWKI&rdquo;<\/span> &raquo;<\/a><\/p>\n","protected":false},"author":2,"featured_media":0,"comment_status":"open","ping_status":"open","sticky":false,"template":"","format":"standard","meta":{"footnotes":""},"categories":[1],"tags":[],"class_list":["post-2577","post","type-post","status-publish","format-standard","hentry","category-bez-kategorii"],"_links":{"self":[{"href":"https:\/\/utwl.pl\/index.php?rest_route=\/wp\/v2\/posts\/2577"}],"collection":[{"href":"https:\/\/utwl.pl\/index.php?rest_route=\/wp\/v2\/posts"}],"about":[{"href":"https:\/\/utwl.pl\/index.php?rest_route=\/wp\/v2\/types\/post"}],"author":[{"embeddable":true,"href":"https:\/\/utwl.pl\/index.php?rest_route=\/wp\/v2\/users\/2"}],"replies":[{"embeddable":true,"href":"https:\/\/utwl.pl\/index.php?rest_route=%2Fwp%2Fv2%2Fcomments&post=2577"}],"version-history":[{"count":1,"href":"https:\/\/utwl.pl\/index.php?rest_route=\/wp\/v2\/posts\/2577\/revisions"}],"predecessor-version":[{"id":2578,"href":"https:\/\/utwl.pl\/index.php?rest_route=\/wp\/v2\/posts\/2577\/revisions\/2578"}],"wp:attachment":[{"href":"https:\/\/utwl.pl\/index.php?rest_route=%2Fwp%2Fv2%2Fmedia&parent=2577"}],"wp:term":[{"taxonomy":"category","embeddable":true,"href":"https:\/\/utwl.pl\/index.php?rest_route=%2Fwp%2Fv2%2Fcategories&post=2577"},{"taxonomy":"post_tag","embeddable":true,"href":"https:\/\/utwl.pl\/index.php?rest_route=%2Fwp%2Fv2%2Ftags&post=2577"}],"curies":[{"name":"wp","href":"https:\/\/api.w.org\/{rel}","templated":true}]}}