{"id":2612,"date":"2025-03-06T16:50:15","date_gmt":"2025-03-06T15:50:15","guid":{"rendered":"https:\/\/utwl.pl\/?p=2612"},"modified":"2025-03-19T12:09:01","modified_gmt":"2025-03-19T11:09:01","slug":"zaproszenie-na-wyklad-13","status":"publish","type":"post","link":"https:\/\/utwl.pl\/?p=2612","title":{"rendered":"ZAPROSZENIE NA WYK\u0141AD"},"content":{"rendered":"\n<p class=\"has-text-align-center has-black-color has-text-color has-background has-link-color has-medium-font-size wp-elements-1437b383eb0d775f1af47c1c6d45cb56\" style=\"background-color:#b090cd\">Zarz\u0105d Uniwersytetu Trzeciego Wieku w Lubartowie <br>serdecznie zaprasza wszystkich s\u0142uchaczy i sympatyk\u00f3w <br>na wyk\u0142ad Pana Andrzeja Zieli\u0144skiego <br>nt. &#8222;<strong>Kobieta &#8211; przedmiot podziwu, czci i strachu. <br>Obraz kobiety na przestrzeni wiek\u00f3w<\/strong>.&#8221; <br>Wyk\u0142ad odb\u0119dzie si\u0119 <strong>10 marca 2025<\/strong> r. (poniedzia\u0142ek) o godz. <strong>11.30 <\/strong><br>w Miejskiej Bibliotece Publicznej<\/p>\n\n\n\n<figure class=\"wp-block-image size-large is-resized\"><img loading=\"lazy\" decoding=\"async\" width=\"1024\" height=\"682\" src=\"https:\/\/utwl.pl\/wp-content\/uploads\/2025\/03\/image-2-1024x682.png\" alt=\"\" class=\"wp-image-2613\" style=\"width:876px;height:auto\" srcset=\"https:\/\/utwl.pl\/wp-content\/uploads\/2025\/03\/image-2-1024x682.png 1024w, https:\/\/utwl.pl\/wp-content\/uploads\/2025\/03\/image-2-300x200.png 300w, https:\/\/utwl.pl\/wp-content\/uploads\/2025\/03\/image-2-768x512.png 768w, https:\/\/utwl.pl\/wp-content\/uploads\/2025\/03\/image-2.png 1280w\" sizes=\"(max-width: 1024px) 100vw, 1024px\" \/><\/figure>\n","protected":false},"excerpt":{"rendered":"<p>Zarz\u0105d Uniwersytetu Trzeciego Wieku w Lubartowie serdecznie zaprasza wszystkich s\u0142uchaczy i sympatyk\u00f3w na wyk\u0142ad Pana Andrzeja Zieli\u0144skiego nt. &#8222;Kobieta &#8211; przedmiot podziwu, czci i strachu. Obraz kobiety na przestrzeni wiek\u00f3w.&#8221; Wyk\u0142ad odb\u0119dzie si\u0119 10 marca 2025 r. (poniedzia\u0142ek) o godz. 11.30 w Miejskiej Bibliotece Publicznej<\/p>\n","protected":false},"author":2,"featured_media":2615,"comment_status":"open","ping_status":"open","sticky":false,"template":"","format":"standard","meta":{"footnotes":""},"categories":[1],"tags":[],"class_list":["post-2612","post","type-post","status-publish","format-standard","has-post-thumbnail","hentry","category-bez-kategorii"],"_links":{"self":[{"href":"https:\/\/utwl.pl\/index.php?rest_route=\/wp\/v2\/posts\/2612"}],"collection":[{"href":"https:\/\/utwl.pl\/index.php?rest_route=\/wp\/v2\/posts"}],"about":[{"href":"https:\/\/utwl.pl\/index.php?rest_route=\/wp\/v2\/types\/post"}],"author":[{"embeddable":true,"href":"https:\/\/utwl.pl\/index.php?rest_route=\/wp\/v2\/users\/2"}],"replies":[{"embeddable":true,"href":"https:\/\/utwl.pl\/index.php?rest_route=%2Fwp%2Fv2%2Fcomments&post=2612"}],"version-history":[{"count":1,"href":"https:\/\/utwl.pl\/index.php?rest_route=\/wp\/v2\/posts\/2612\/revisions"}],"predecessor-version":[{"id":2616,"href":"https:\/\/utwl.pl\/index.php?rest_route=\/wp\/v2\/posts\/2612\/revisions\/2616"}],"wp:featuredmedia":[{"embeddable":true,"href":"https:\/\/utwl.pl\/index.php?rest_route=\/wp\/v2\/media\/2615"}],"wp:attachment":[{"href":"https:\/\/utwl.pl\/index.php?rest_route=%2Fwp%2Fv2%2Fmedia&parent=2612"}],"wp:term":[{"taxonomy":"category","embeddable":true,"href":"https:\/\/utwl.pl\/index.php?rest_route=%2Fwp%2Fv2%2Fcategories&post=2612"},{"taxonomy":"post_tag","embeddable":true,"href":"https:\/\/utwl.pl\/index.php?rest_route=%2Fwp%2Fv2%2Ftags&post=2612"}],"curies":[{"name":"wp","href":"https:\/\/api.w.org\/{rel}","templated":true}]}}