{"id":2981,"date":"2025-07-16T13:10:49","date_gmt":"2025-07-16T11:10:49","guid":{"rendered":"https:\/\/utwl.pl\/?p=2981"},"modified":"2025-07-24T22:01:21","modified_gmt":"2025-07-24T20:01:21","slug":"zaproszenie-na-koncert-w-kozlowce","status":"publish","type":"post","link":"https:\/\/utwl.pl\/?p=2981","title":{"rendered":"ZAPROSZENIE NA KONCERT W KOZ\u0141\u00d3WCE"},"content":{"rendered":"\n<p class=\"has-text-align-center has-background has-medium-font-size\" style=\"background-color:#f6ba8a\">W imieniu Muzeum Zamoyskich w Koz\u0142\u00f3wce <br>serdecznie zapraszamy <br> na <strong>koncert gitarowy Jakuba Niedoborka<\/strong><br><strong> <\/strong>w Kaplicy Pa\u0142acowej <br>w dniu <strong>19 lipca br. (sobota) o godz. 18.00<\/strong> <br>Koszt biletu &#8211; 50 z\u0142 od osoby<\/p>\n\n\n<div class=\"wp-block-image\">\n<figure class=\"aligncenter size-full is-resized\"><img loading=\"lazy\" decoding=\"async\" width=\"200\" height=\"134\" src=\"https:\/\/utwl.pl\/wp-content\/uploads\/2025\/07\/image-1.png\" alt=\"\" class=\"wp-image-2983\" style=\"width:437px;height:auto\"\/><\/figure><\/div>\n\n\n<p class=\"has-background has-medium-font-size\" style=\"background-color:#fae3aa\">Koncert odb\u0119dzie si\u0119 w ramach wydarzenia \u201eCamino Del Arte. Spotkanie z kultur\u0105 Hiszpanii\u201d, po\u015bwi\u0119conego sztuce, muzyce i smakom Hiszpanii. <br>Przez ca\u0142y dzie\u0144 &#8222;Skrobowianki&#8221; (Ko\u0142o Gospody\u0144 Wiejskich ze Skrobowa) <br>b\u0119d\u0105 serwowa\u0142y specja\u0142y inspirowane kuchni\u0105 hiszpa\u0144sk\u0105.<\/p>\n\n\n\n<figure class=\"wp-block-image size-large\"><img loading=\"lazy\" decoding=\"async\" width=\"724\" height=\"1024\" src=\"https:\/\/utwl.pl\/wp-content\/uploads\/2025\/07\/cda-724x1024.jpg\" alt=\"\" class=\"wp-image-2991\" srcset=\"https:\/\/utwl.pl\/wp-content\/uploads\/2025\/07\/cda-724x1024.jpg 724w, https:\/\/utwl.pl\/wp-content\/uploads\/2025\/07\/cda-212x300.jpg 212w, https:\/\/utwl.pl\/wp-content\/uploads\/2025\/07\/cda-768x1086.jpg 768w, https:\/\/utwl.pl\/wp-content\/uploads\/2025\/07\/cda-1086x1536.jpg 1086w, https:\/\/utwl.pl\/wp-content\/uploads\/2025\/07\/cda-1448x2048.jpg 1448w, https:\/\/utwl.pl\/wp-content\/uploads\/2025\/07\/cda.jpg 1587w\" sizes=\"(max-width: 724px) 100vw, 724px\" \/><\/figure>\n\n\n\n<p class=\"has-black-color has-white-background-color has-text-color has-background has-link-color wp-elements-18bc78fc6f4e68213880307499cd044a\"><\/p>\n\n\n\n<p class=\"has-black-color has-white-background-color has-text-color has-background has-link-color wp-elements-18bc78fc6f4e68213880307499cd044a\"><\/p>\n","protected":false},"excerpt":{"rendered":"<p>W imieniu Muzeum Zamoyskich w Koz\u0142\u00f3wce serdecznie zapraszamy na koncert gitarowy Jakuba Niedoborka w Kaplicy Pa\u0142acowej w dniu 19 lipca br. (sobota) o godz. 18.00 Koszt biletu &#8211; 50 z\u0142 od osoby Koncert odb\u0119dzie si\u0119 w ramach wydarzenia \u201eCamino Del Arte. Spotkanie z kultur\u0105 Hiszpanii\u201d, po\u015bwi\u0119conego sztuce, muzyce i smakom Hiszpanii. Przez ca\u0142y dzie\u0144 &#8222;Skrobowianki&#8221;&#8230;<\/p>\n<p class=\"more-link-wrap\"><a href=\"https:\/\/utwl.pl\/?p=2981\" class=\"more-link\">Czytaj wi\u0119cej<span class=\"screen-reader-text\"> &ldquo;ZAPROSZENIE NA KONCERT W KOZ\u0141\u00d3WCE&rdquo;<\/span> &raquo;<\/a><\/p>\n","protected":false},"author":2,"featured_media":2987,"comment_status":"open","ping_status":"open","sticky":false,"template":"","format":"standard","meta":{"footnotes":""},"categories":[1,7,8],"tags":[],"class_list":["post-2981","post","type-post","status-publish","format-standard","has-post-thumbnail","hentry","category-bez-kategorii","category-ogloszenie","category-zaproszenie"],"_links":{"self":[{"href":"https:\/\/utwl.pl\/index.php?rest_route=\/wp\/v2\/posts\/2981"}],"collection":[{"href":"https:\/\/utwl.pl\/index.php?rest_route=\/wp\/v2\/posts"}],"about":[{"href":"https:\/\/utwl.pl\/index.php?rest_route=\/wp\/v2\/types\/post"}],"author":[{"embeddable":true,"href":"https:\/\/utwl.pl\/index.php?rest_route=\/wp\/v2\/users\/2"}],"replies":[{"embeddable":true,"href":"https:\/\/utwl.pl\/index.php?rest_route=%2Fwp%2Fv2%2Fcomments&post=2981"}],"version-history":[{"count":6,"href":"https:\/\/utwl.pl\/index.php?rest_route=\/wp\/v2\/posts\/2981\/revisions"}],"predecessor-version":[{"id":2994,"href":"https:\/\/utwl.pl\/index.php?rest_route=\/wp\/v2\/posts\/2981\/revisions\/2994"}],"wp:featuredmedia":[{"embeddable":true,"href":"https:\/\/utwl.pl\/index.php?rest_route=\/wp\/v2\/media\/2987"}],"wp:attachment":[{"href":"https:\/\/utwl.pl\/index.php?rest_route=%2Fwp%2Fv2%2Fmedia&parent=2981"}],"wp:term":[{"taxonomy":"category","embeddable":true,"href":"https:\/\/utwl.pl\/index.php?rest_route=%2Fwp%2Fv2%2Fcategories&post=2981"},{"taxonomy":"post_tag","embeddable":true,"href":"https:\/\/utwl.pl\/index.php?rest_route=%2Fwp%2Fv2%2Ftags&post=2981"}],"curies":[{"name":"wp","href":"https:\/\/api.w.org\/{rel}","templated":true}]}}