{"id":3805,"date":"2026-04-26T23:56:24","date_gmt":"2026-04-26T21:56:24","guid":{"rendered":"https:\/\/utwl.pl\/?p=3805"},"modified":"2026-04-26T23:59:42","modified_gmt":"2026-04-26T21:59:42","slug":"juz-po-walnym-zebraniu-utw","status":"publish","type":"post","link":"https:\/\/utwl.pl\/?p=3805","title":{"rendered":"JU\u017b PO WALNYM ZEBRANIU UTW"},"content":{"rendered":"\n<p class=\"has-black-color has-text-color has-background has-link-color has-medium-font-size wp-elements-3bc111f1d9c1801509887268ad37e5f9\" style=\"background-color:#99ccea\">22 kwietnia 2026 r. w sali widowiskowej PMDK spotkali\u015bmy si\u0119 na Walnym Zebraniu Sprawozdawczym naszego stowarzyszenia. Ze wzgl\u0119du na brak quorum zebranie odby\u0142o si\u0119 w drugim terminie. Przyby\u0142ych s\u0142uchaczy powita\u0142a kol. Ludmi\u0142a Romaneczko, prezes UTW. <br>Po czym nast\u0105pi\u0142o \u015blubowanie nowych s\u0142uchaczy i wr\u0119czenie im legitymacji.<br>        Nast\u0119pnie w g\u0142osowaniu jawnym zosta\u0142o wybrane prezydium Zebrania: Ewa \u0141uchtaj, Zofia Szati\u0142o i Jadwiga Tr\u0105bka, kt\u00f3re poprowadzi\u0142y dalsz\u0105 cz\u0119\u015b\u0107 spotkania. Protokolantem zosta\u0142a kol. Magda Kwiatkowska. W kolejnym punkcie dokonano wyboru cz\u0142onk\u00f3w komisji skrutacyjnej i komisji uchwa\u0142 i wniosk\u00f3w. Po ukonstytuowaniu si\u0119 w\/w komisji komisja skrutacyjna stwierdzi\u0142a, \u017ce Walne Zebranie jest w\u0142adne do podejmowania decyzji. Przyst\u0105piono zatem do realizacji kolejnych punkt\u00f3w porz\u0105dku obrad. <br>     Po przedstawieniu sprawozdania finansowego za rok 2025 przez U. Bobowiec, wiceprezes UTW sprawozdanie z dzia\u0142alno\u015bci Zarz\u0105du zaprezentowa\u0142a L. Romaneczko. Po nich wyst\u0105pi\u0142a kol. T. Drozd, przewodnicz\u0105ca Komisji Rewizyjnej, kt\u00f3ra odczyta\u0142a protok\u00f3\u0142 z kontroli finansowej i merytorycznej dokumentacji oraz postawi\u0142a wniosek o udzielenie Zarz\u0105dowi absolutorium. Wniosek zosta\u0142 przyj\u0119ty jednog\u0142o\u015bnie. <br>    Nast\u0119pnie kol. A. Pszczo\u0142a, skarbnik UTW zapozna\u0142a zebranych z planem finansowym na rok 2026, a sekretarz  Cz. Bott przedstawi\u0142 informacj\u0119 o po planowanych dzia\u0142aniach w br. Oba dokumenty zosta\u0142y przyj\u0119te jednog\u0142o\u015bnie. Po kr\u00f3tkiej dyskusji komisja uchwa\u0142 i wniosk\u00f3w odczyta\u0142a sw\u00f3j protok\u00f3\u0142 i wobec wyczerpania wszystkich punkt\u00f3w porz\u0105dku przewodnicz\u0105ca Ewa \u0141uchtaj zamkn\u0119\u0142a zebranie. <\/p>\n\n\n\n<figure class=\"wp-block-image size-large\"><img loading=\"lazy\" decoding=\"async\" width=\"1024\" height=\"701\" src=\"https:\/\/utwl.pl\/wp-content\/uploads\/2026\/04\/Walne-sala-4-1024x701.jpg\" alt=\"\" class=\"wp-image-3807\" srcset=\"https:\/\/utwl.pl\/wp-content\/uploads\/2026\/04\/Walne-sala-4-1024x701.jpg 1024w, https:\/\/utwl.pl\/wp-content\/uploads\/2026\/04\/Walne-sala-4-300x205.jpg 300w, https:\/\/utwl.pl\/wp-content\/uploads\/2026\/04\/Walne-sala-4-768x526.jpg 768w, https:\/\/utwl.pl\/wp-content\/uploads\/2026\/04\/Walne-sala-4-1536x1052.jpg 1536w, https:\/\/utwl.pl\/wp-content\/uploads\/2026\/04\/Walne-sala-4-2048x1402.jpg 2048w\" sizes=\"(max-width: 1024px) 100vw, 1024px\" \/><\/figure>\n\n\n\n<figure class=\"wp-block-image size-large\"><img loading=\"lazy\" decoding=\"async\" width=\"768\" height=\"1024\" src=\"https:\/\/utwl.pl\/wp-content\/uploads\/2026\/04\/Walne-wreczenie-legit-768x1024.jpeg\" alt=\"\" class=\"wp-image-3809\" srcset=\"https:\/\/utwl.pl\/wp-content\/uploads\/2026\/04\/Walne-wreczenie-legit-768x1024.jpeg 768w, https:\/\/utwl.pl\/wp-content\/uploads\/2026\/04\/Walne-wreczenie-legit-225x300.jpeg 225w, https:\/\/utwl.pl\/wp-content\/uploads\/2026\/04\/Walne-wreczenie-legit-1152x1536.jpeg 1152w, https:\/\/utwl.pl\/wp-content\/uploads\/2026\/04\/Walne-wreczenie-legit.jpeg 1500w\" sizes=\"(max-width: 768px) 100vw, 768px\" \/><\/figure>\n\n\n\n<figure class=\"wp-block-image size-large\"><img loading=\"lazy\" decoding=\"async\" width=\"993\" height=\"1024\" src=\"https:\/\/utwl.pl\/wp-content\/uploads\/2026\/04\/Walne-Ula-B-993x1024.jpg\" alt=\"\" class=\"wp-image-3808\" srcset=\"https:\/\/utwl.pl\/wp-content\/uploads\/2026\/04\/Walne-Ula-B-993x1024.jpg 993w, https:\/\/utwl.pl\/wp-content\/uploads\/2026\/04\/Walne-Ula-B-291x300.jpg 291w, https:\/\/utwl.pl\/wp-content\/uploads\/2026\/04\/Walne-Ula-B-768x792.jpg 768w, https:\/\/utwl.pl\/wp-content\/uploads\/2026\/04\/Walne-Ula-B-1490x1536.jpg 1490w, https:\/\/utwl.pl\/wp-content\/uploads\/2026\/04\/Walne-Ula-B.jpg 1780w\" sizes=\"(max-width: 993px) 100vw, 993px\" \/><\/figure>\n\n\n\n<figure class=\"wp-block-image size-large\"><img loading=\"lazy\" decoding=\"async\" width=\"1024\" height=\"541\" src=\"https:\/\/utwl.pl\/wp-content\/uploads\/2026\/04\/Walne-sala2-1024x541.jpg\" alt=\"\" class=\"wp-image-3810\" srcset=\"https:\/\/utwl.pl\/wp-content\/uploads\/2026\/04\/Walne-sala2-1024x541.jpg 1024w, https:\/\/utwl.pl\/wp-content\/uploads\/2026\/04\/Walne-sala2-300x158.jpg 300w, https:\/\/utwl.pl\/wp-content\/uploads\/2026\/04\/Walne-sala2-768x405.jpg 768w, https:\/\/utwl.pl\/wp-content\/uploads\/2026\/04\/Walne-sala2-1536x811.jpg 1536w, https:\/\/utwl.pl\/wp-content\/uploads\/2026\/04\/Walne-sala2-2048x1081.jpg 2048w\" sizes=\"(max-width: 1024px) 100vw, 1024px\" \/><\/figure>\n\n\n\n<figure class=\"wp-block-image size-large\"><img loading=\"lazy\" decoding=\"async\" width=\"688\" height=\"1024\" src=\"https:\/\/utwl.pl\/wp-content\/uploads\/2026\/04\/Walne-Madzia-K-688x1024.jpg\" alt=\"\" class=\"wp-image-3812\" srcset=\"https:\/\/utwl.pl\/wp-content\/uploads\/2026\/04\/Walne-Madzia-K-688x1024.jpg 688w, https:\/\/utwl.pl\/wp-content\/uploads\/2026\/04\/Walne-Madzia-K-202x300.jpg 202w, https:\/\/utwl.pl\/wp-content\/uploads\/2026\/04\/Walne-Madzia-K-768x1143.jpg 768w, https:\/\/utwl.pl\/wp-content\/uploads\/2026\/04\/Walne-Madzia-K.jpg 924w\" sizes=\"(max-width: 688px) 100vw, 688px\" \/><\/figure>\n\n\n\n<figure class=\"wp-block-image size-large\"><img loading=\"lazy\" decoding=\"async\" width=\"1024\" height=\"615\" src=\"https:\/\/utwl.pl\/wp-content\/uploads\/2026\/04\/Walne-sala-3-1024x615.jpg\" alt=\"\" class=\"wp-image-3813\" srcset=\"https:\/\/utwl.pl\/wp-content\/uploads\/2026\/04\/Walne-sala-3-1024x615.jpg 1024w, https:\/\/utwl.pl\/wp-content\/uploads\/2026\/04\/Walne-sala-3-300x180.jpg 300w, https:\/\/utwl.pl\/wp-content\/uploads\/2026\/04\/Walne-sala-3-768x461.jpg 768w, https:\/\/utwl.pl\/wp-content\/uploads\/2026\/04\/Walne-sala-3-1536x923.jpg 1536w, https:\/\/utwl.pl\/wp-content\/uploads\/2026\/04\/Walne-sala-3-2048x1230.jpg 2048w\" sizes=\"(max-width: 1024px) 100vw, 1024px\" \/><\/figure>\n","protected":false},"excerpt":{"rendered":"<p>22 kwietnia 2026 r. w sali widowiskowej PMDK spotkali\u015bmy si\u0119 na Walnym Zebraniu Sprawozdawczym naszego stowarzyszenia. Ze wzgl\u0119du na brak quorum zebranie odby\u0142o si\u0119 w drugim terminie. Przyby\u0142ych s\u0142uchaczy powita\u0142a kol. Ludmi\u0142a Romaneczko, prezes UTW. Po czym nast\u0105pi\u0142o \u015blubowanie nowych s\u0142uchaczy i wr\u0119czenie im legitymacji. Nast\u0119pnie w g\u0142osowaniu jawnym zosta\u0142o wybrane prezydium Zebrania: Ewa \u0141uchtaj,&#8230;<\/p>\n<p class=\"more-link-wrap\"><a href=\"https:\/\/utwl.pl\/?p=3805\" class=\"more-link\">Czytaj wi\u0119cej<span class=\"screen-reader-text\"> &ldquo;JU\u017b PO WALNYM ZEBRANIU UTW&rdquo;<\/span> &raquo;<\/a><\/p>\n","protected":false},"author":2,"featured_media":3806,"comment_status":"open","ping_status":"open","sticky":false,"template":"","format":"standard","meta":{"footnotes":""},"categories":[1,9],"tags":[],"class_list":["post-3805","post","type-post","status-publish","format-standard","has-post-thumbnail","hentry","category-bez-kategorii","category-wiadomosci"],"_links":{"self":[{"href":"https:\/\/utwl.pl\/index.php?rest_route=\/wp\/v2\/posts\/3805"}],"collection":[{"href":"https:\/\/utwl.pl\/index.php?rest_route=\/wp\/v2\/posts"}],"about":[{"href":"https:\/\/utwl.pl\/index.php?rest_route=\/wp\/v2\/types\/post"}],"author":[{"embeddable":true,"href":"https:\/\/utwl.pl\/index.php?rest_route=\/wp\/v2\/users\/2"}],"replies":[{"embeddable":true,"href":"https:\/\/utwl.pl\/index.php?rest_route=%2Fwp%2Fv2%2Fcomments&post=3805"}],"version-history":[{"count":3,"href":"https:\/\/utwl.pl\/index.php?rest_route=\/wp\/v2\/posts\/3805\/revisions"}],"predecessor-version":[{"id":3815,"href":"https:\/\/utwl.pl\/index.php?rest_route=\/wp\/v2\/posts\/3805\/revisions\/3815"}],"wp:featuredmedia":[{"embeddable":true,"href":"https:\/\/utwl.pl\/index.php?rest_route=\/wp\/v2\/media\/3806"}],"wp:attachment":[{"href":"https:\/\/utwl.pl\/index.php?rest_route=%2Fwp%2Fv2%2Fmedia&parent=3805"}],"wp:term":[{"taxonomy":"category","embeddable":true,"href":"https:\/\/utwl.pl\/index.php?rest_route=%2Fwp%2Fv2%2Fcategories&post=3805"},{"taxonomy":"post_tag","embeddable":true,"href":"https:\/\/utwl.pl\/index.php?rest_route=%2Fwp%2Fv2%2Ftags&post=3805"}],"curies":[{"name":"wp","href":"https:\/\/api.w.org\/{rel}","templated":true}]}}