{"id":3822,"date":"2026-04-27T23:29:01","date_gmt":"2026-04-27T21:29:01","guid":{"rendered":"https:\/\/utwl.pl\/?p=3822"},"modified":"2026-04-27T23:29:01","modified_gmt":"2026-04-27T21:29:01","slug":"czy-mozemy-zrozumiec-demencje","status":"publish","type":"post","link":"https:\/\/utwl.pl\/?p=3822","title":{"rendered":"CZY MO\u017bEMY ZROZUMIE\u0106 DEMENCJ\u0118?"},"content":{"rendered":"\n<p class=\"has-black-color has-text-color has-background has-link-color has-medium-font-size wp-elements-ab6b24f230dfd5e5a2bcc9d3b4dab559\" style=\"background-color:#eef748\">W dniu 23.04.2026r. w czytelni MBP odby\u0142 si\u0119 wyk\u0142ad pani dr hab. Karoliny Wojtunik-Kuleszy <br>z Uniwersytetu Medycznego w Lublinie. Temat wyk\u0142adu brzmia\u0142: &#8222;Zrozumie\u0107 demencj\u0119. Neuroprotekcja w \u017cyciu codziennym&#8221;. Ca\u0142o\u015b\u0107 tematyki zosta\u0142a interesuj\u0105co zreferowana, przy pomocy nowoczesnego sprz\u0119tu multimedialnego. <br>Nasza prelegentka na wst\u0119pie wyja\u015bni\u0142a. co oznacza termin demencja starcza (ot\u0119pienie). Jest  to post\u0119puj\u0105cy zesp\u00f3\u0142 chorobowy wynikaj\u0105cy z uszkodzenia m\u00f3zgu, objawiaj\u0105cy si\u0119 zaburzeniami pami\u0119ci, my\u015blenia, orientacji i zdolno\u015bci do samodzielnego \u017cycia.  W klarowny spos\u00f3b przedstawi\u0142a r\u00f3\u017cnice mi\u0119dzy demencj\u0105 a naturalnym os\u0142abieniem funkcji poznawczych w podesz\u0142ym wieku.<br>Pani dr Wojtunik-Kulesza om\u00f3wi\u0142a funkcje poznawcze starzenia si\u0119 organizmu, rodzaje demencji, zatrzymuj\u0105c si\u0119 d\u0142u\u017cej na chorobie Alzheimera, b\u0119d\u0105cej post\u0119puj\u0105c\u0105 chorob\u0105 neurodegeneracyjn\u0105.\u00a0\u00a0 Uwypukli\u0142a demencj\u0119 naczyniow\u0105 zwi\u0105zan\u0105 ze z\u0142ym przep\u0142ywem krwi w m\u00f3zgu oraz demencj\u0119 z cia\u0142ami Lewy&#8217;ego w m\u00f3zgu. Nast\u0119pnie przy pomocy zdj\u0119\u0107 i wykres\u00f3w przedstawi\u0142a zagadnienie schorzenia w kontek\u015bcie \u201eCichej epidemii&#8221;  XXI w. Polska znajduje si\u0119 w czo\u0142\u00f3wce najszybciej starzej\u0105cych si\u0119 spo\u0142ecze\u0144stw na \u015bwiecie. Du\u017cy wp\u0142yw takiej sytuacji upatruje si\u0119 m.in. w braku lekarzy geriatr\u00f3w. <br>W chorobie Alzheimera om\u00f3wi\u0142a 7 etap\u00f3w wg skali FAST\/GDS a po\u015br\u00f3d nich \u2013 wieloczynnikowo\u015b\u0107 choroby (p\u0142ytki starcze, spl\u0105tki nerwowe, stres \u2013 to trzy kluczowe, wzajemnie powi\u0105zane elementy mikrouszkodzenia m\u00f3zgu). Czynnikami szkodliwymi dla zdrowia s\u0105: papierosy, wino, wiek, czynniki genetyczne. <br>Po om\u00f3wieniu  rodzaj\u00f3w demencji przekaza\u0142a  s\u0142uchaczom, jak chroni\u0107 si\u0119 przed ni\u0105 w \u017cyciu codziennym. Poda\u0142a, jakie s\u0105 naturalne \u017ar\u00f3d\u0142a antyoksydant\u00f3w, np.: siemi\u0119 lniane, zio\u0142a i przyprawy. Uwypukli\u0142a tak\u017ce rol\u0119 ARMOTERAPII w wspieraniu zdrowia fizycznego i psychicznego, wp\u0142yw p\u0142ci, rol\u0119 metali w procesie neurologicznym, rol\u0119 \u017celaza, opowiedzia\u0142a o suplementach diety.  <br>W dalszym ci\u0105gu wyk\u0142adu p. Wojtunik-Kulesza wymieni\u0142a czynniki wp\u0142ywaj\u0105ce na d\u0142ugo\u015b\u0107 \u017cycia, takie jak diet\u0119 MIND (zaleca si\u0119 w spo\u017cywaniu margaryny nieutwardzone ), aktywno\u015b\u0107 fizyczn\u0105, modyfikowane \u0107wiczenia umys\u0142owe, odpowiedni\u0105 ilo\u015b\u0107 godzin snu. Wymienione czynniki mo\u017cna tak\u017ce uj\u0105\u0107 w powiedzeniu Hipokratesa: Lekarz leczy, Natura uzdrawia. <br>W ko\u0144cowej cz\u0119\u015bci wyk\u0142adu, zatrzyma\u0142a si\u0119 na tzw. Niebieskich strefach obejmuj\u0105cych te miejsca w \u015bwiecie w kt\u00f3rych ludzie \u017cyj\u0105 powy\u017cej 100 lat w dobrym zdrowiu. S\u0105 to: Sardynia, Okinawa, miejsca na Kostaryce,  w Grecji i Kalifornii. <br>Wyk\u0142ad zako\u0144czy\u0142a refleksj\u0105, i\u017c nie mamy wp\u0142ywu na wiek, ale na to jak si\u0119 starzejemy ju\u017c tak.<br>                                                                                                                   Tekst: HW<\/p>\n\n\n\n<figure class=\"wp-block-image size-full\"><img loading=\"lazy\" decoding=\"async\" width=\"900\" height=\"596\" src=\"https:\/\/utwl.pl\/wp-content\/uploads\/2026\/04\/demencja-1.jpg\" alt=\"\" class=\"wp-image-3824\" srcset=\"https:\/\/utwl.pl\/wp-content\/uploads\/2026\/04\/demencja-1.jpg 900w, https:\/\/utwl.pl\/wp-content\/uploads\/2026\/04\/demencja-1-300x199.jpg 300w, https:\/\/utwl.pl\/wp-content\/uploads\/2026\/04\/demencja-1-768x509.jpg 768w\" sizes=\"(max-width: 900px) 100vw, 900px\" \/><\/figure>\n\n\n\n<figure class=\"wp-block-image size-large\"><img loading=\"lazy\" decoding=\"async\" width=\"1024\" height=\"461\" src=\"https:\/\/utwl.pl\/wp-content\/uploads\/2026\/04\/demencja-2-1024x461.jpg\" alt=\"\" class=\"wp-image-3825\" srcset=\"https:\/\/utwl.pl\/wp-content\/uploads\/2026\/04\/demencja-2-1024x461.jpg 1024w, https:\/\/utwl.pl\/wp-content\/uploads\/2026\/04\/demencja-2-300x135.jpg 300w, https:\/\/utwl.pl\/wp-content\/uploads\/2026\/04\/demencja-2-768x346.jpg 768w, https:\/\/utwl.pl\/wp-content\/uploads\/2026\/04\/demencja-2-1536x691.jpg 1536w, https:\/\/utwl.pl\/wp-content\/uploads\/2026\/04\/demencja-2.jpg 2000w\" sizes=\"(max-width: 1024px) 100vw, 1024px\" \/><\/figure>\n\n\n\n<figure class=\"wp-block-image size-large\"><img loading=\"lazy\" decoding=\"async\" width=\"1024\" height=\"461\" src=\"https:\/\/utwl.pl\/wp-content\/uploads\/2026\/04\/demencja-4-1024x461.jpg\" alt=\"\" class=\"wp-image-3826\" srcset=\"https:\/\/utwl.pl\/wp-content\/uploads\/2026\/04\/demencja-4-1024x461.jpg 1024w, https:\/\/utwl.pl\/wp-content\/uploads\/2026\/04\/demencja-4-300x135.jpg 300w, https:\/\/utwl.pl\/wp-content\/uploads\/2026\/04\/demencja-4-768x346.jpg 768w, https:\/\/utwl.pl\/wp-content\/uploads\/2026\/04\/demencja-4-1536x691.jpg 1536w, https:\/\/utwl.pl\/wp-content\/uploads\/2026\/04\/demencja-4.jpg 2000w\" sizes=\"(max-width: 1024px) 100vw, 1024px\" \/><\/figure>\n\n\n\n<figure class=\"wp-block-image size-large\"><img loading=\"lazy\" decoding=\"async\" width=\"1024\" height=\"562\" src=\"https:\/\/utwl.pl\/wp-content\/uploads\/2026\/04\/demencja-7-1024x562.jpg\" alt=\"\" class=\"wp-image-3827\" srcset=\"https:\/\/utwl.pl\/wp-content\/uploads\/2026\/04\/demencja-7-1024x562.jpg 1024w, https:\/\/utwl.pl\/wp-content\/uploads\/2026\/04\/demencja-7-300x165.jpg 300w, https:\/\/utwl.pl\/wp-content\/uploads\/2026\/04\/demencja-7-768x422.jpg 768w, https:\/\/utwl.pl\/wp-content\/uploads\/2026\/04\/demencja-7-1536x843.jpg 1536w, https:\/\/utwl.pl\/wp-content\/uploads\/2026\/04\/demencja-7.jpg 1734w\" sizes=\"(max-width: 1024px) 100vw, 1024px\" \/><\/figure>\n\n\n\n<figure class=\"wp-block-image size-large\"><img loading=\"lazy\" decoding=\"async\" width=\"1024\" height=\"461\" src=\"https:\/\/utwl.pl\/wp-content\/uploads\/2026\/04\/demencja-3-1024x461.jpg\" alt=\"\" class=\"wp-image-3828\" srcset=\"https:\/\/utwl.pl\/wp-content\/uploads\/2026\/04\/demencja-3-1024x461.jpg 1024w, https:\/\/utwl.pl\/wp-content\/uploads\/2026\/04\/demencja-3-300x135.jpg 300w, https:\/\/utwl.pl\/wp-content\/uploads\/2026\/04\/demencja-3-768x346.jpg 768w, https:\/\/utwl.pl\/wp-content\/uploads\/2026\/04\/demencja-3-1536x691.jpg 1536w, https:\/\/utwl.pl\/wp-content\/uploads\/2026\/04\/demencja-3.jpg 2000w\" sizes=\"(max-width: 1024px) 100vw, 1024px\" \/><\/figure>\n","protected":false},"excerpt":{"rendered":"<p>W dniu 23.04.2026r. w czytelni MBP odby\u0142 si\u0119 wyk\u0142ad pani dr hab. Karoliny Wojtunik-Kuleszy z Uniwersytetu Medycznego w Lublinie. Temat wyk\u0142adu brzmia\u0142: &#8222;Zrozumie\u0107 demencj\u0119. Neuroprotekcja w \u017cyciu codziennym&#8221;. Ca\u0142o\u015b\u0107 tematyki zosta\u0142a interesuj\u0105co zreferowana, przy pomocy nowoczesnego sprz\u0119tu multimedialnego. Nasza prelegentka na wst\u0119pie wyja\u015bni\u0142a. co oznacza termin demencja starcza (ot\u0119pienie). Jest to post\u0119puj\u0105cy zesp\u00f3\u0142 chorobowy wynikaj\u0105cy&#8230;<\/p>\n<p class=\"more-link-wrap\"><a href=\"https:\/\/utwl.pl\/?p=3822\" class=\"more-link\">Czytaj wi\u0119cej<span class=\"screen-reader-text\"> &ldquo;CZY MO\u017bEMY ZROZUMIE\u0106 DEMENCJ\u0118?&rdquo;<\/span> &raquo;<\/a><\/p>\n","protected":false},"author":2,"featured_media":3823,"comment_status":"open","ping_status":"open","sticky":false,"template":"","format":"standard","meta":{"footnotes":""},"categories":[1,9],"tags":[],"class_list":["post-3822","post","type-post","status-publish","format-standard","has-post-thumbnail","hentry","category-bez-kategorii","category-wiadomosci"],"_links":{"self":[{"href":"https:\/\/utwl.pl\/index.php?rest_route=\/wp\/v2\/posts\/3822"}],"collection":[{"href":"https:\/\/utwl.pl\/index.php?rest_route=\/wp\/v2\/posts"}],"about":[{"href":"https:\/\/utwl.pl\/index.php?rest_route=\/wp\/v2\/types\/post"}],"author":[{"embeddable":true,"href":"https:\/\/utwl.pl\/index.php?rest_route=\/wp\/v2\/users\/2"}],"replies":[{"embeddable":true,"href":"https:\/\/utwl.pl\/index.php?rest_route=%2Fwp%2Fv2%2Fcomments&post=3822"}],"version-history":[{"count":1,"href":"https:\/\/utwl.pl\/index.php?rest_route=\/wp\/v2\/posts\/3822\/revisions"}],"predecessor-version":[{"id":3829,"href":"https:\/\/utwl.pl\/index.php?rest_route=\/wp\/v2\/posts\/3822\/revisions\/3829"}],"wp:featuredmedia":[{"embeddable":true,"href":"https:\/\/utwl.pl\/index.php?rest_route=\/wp\/v2\/media\/3823"}],"wp:attachment":[{"href":"https:\/\/utwl.pl\/index.php?rest_route=%2Fwp%2Fv2%2Fmedia&parent=3822"}],"wp:term":[{"taxonomy":"category","embeddable":true,"href":"https:\/\/utwl.pl\/index.php?rest_route=%2Fwp%2Fv2%2Fcategories&post=3822"},{"taxonomy":"post_tag","embeddable":true,"href":"https:\/\/utwl.pl\/index.php?rest_route=%2Fwp%2Fv2%2Ftags&post=3822"}],"curies":[{"name":"wp","href":"https:\/\/api.w.org\/{rel}","templated":true}]}}