{"id":4077,"date":"2026-08-31T23:10:06","date_gmt":"2026-08-31T21:10:06","guid":{"rendered":"https:\/\/utwl.pl\/?p=4077"},"modified":"2026-08-31T23:11:15","modified_gmt":"2026-08-31T21:11:15","slug":"odwolany-dyzur-1-wrzesnia-2026","status":"publish","type":"post","link":"https:\/\/utwl.pl\/?p=4077","title":{"rendered":"ODWO\u0141ANY DY\u017bUR 1 WRZE\u015aNIA 2026"},"content":{"rendered":"\n<p class=\"has-text-align-center has-black-color has-text-color has-background has-link-color has-medium-font-size wp-elements-62322bd6cc005fb5e2f5670fa674bdb8\" style=\"background-color:#fdd56a\">Zarz\u0105d Uniwersytetu Trzeciego Wieku w Lubartowie <br>informuje, \u017ce w dniu <strong>01  wrze\u015bnia 2026 r.<\/strong> <br>dy\u017cur cz\u0142onk\u00f3w Zarz\u0105du <br><strong>ZOSTAJE ODWO\u0141ANY<\/strong> <br>z powodu niezale\u017cnego od nas, <br>bowiem w tym dniu Miejska Biblioteka Publiczna <br>jest nieczynna, zatem budynek b\u0119dzie zamkni\u0119ty. <br><br>Przepraszamy naszych s\u0142uchaczy za t\u0119 niedogodno\u015b\u0107. <br>Zapraszamy w czwartek, tj. 3 wrze\u015bnia br.<\/p>\n\n\n\n<p><\/p>\n\n\n\n<p><\/p>\n","protected":false},"excerpt":{"rendered":"<p>Zarz\u0105d Uniwersytetu Trzeciego Wieku w Lubartowie informuje, \u017ce w dniu 01 wrze\u015bnia 2026 r. dy\u017cur cz\u0142onk\u00f3w Zarz\u0105du ZOSTAJE ODWO\u0141ANY z powodu niezale\u017cnego od nas, bowiem w tym dniu Miejska Biblioteka Publiczna jest nieczynna, zatem budynek b\u0119dzie zamkni\u0119ty. Przepraszamy naszych s\u0142uchaczy za t\u0119 niedogodno\u015b\u0107. Zapraszamy w czwartek, tj. 3 wrze\u015bnia br.<\/p>\n","protected":false},"author":2,"featured_media":0,"comment_status":"open","ping_status":"open","sticky":true,"template":"","format":"standard","meta":{"footnotes":""},"categories":[7,9],"tags":[],"class_list":["post-4077","post","type-post","status-publish","format-standard","hentry","category-ogloszenie","category-wiadomosci"],"_links":{"self":[{"href":"https:\/\/utwl.pl\/index.php?rest_route=\/wp\/v2\/posts\/4077"}],"collection":[{"href":"https:\/\/utwl.pl\/index.php?rest_route=\/wp\/v2\/posts"}],"about":[{"href":"https:\/\/utwl.pl\/index.php?rest_route=\/wp\/v2\/types\/post"}],"author":[{"embeddable":true,"href":"https:\/\/utwl.pl\/index.php?rest_route=\/wp\/v2\/users\/2"}],"replies":[{"embeddable":true,"href":"https:\/\/utwl.pl\/index.php?rest_route=%2Fwp%2Fv2%2Fcomments&post=4077"}],"version-history":[{"count":3,"href":"https:\/\/utwl.pl\/index.php?rest_route=\/wp\/v2\/posts\/4077\/revisions"}],"predecessor-version":[{"id":4080,"href":"https:\/\/utwl.pl\/index.php?rest_route=\/wp\/v2\/posts\/4077\/revisions\/4080"}],"wp:attachment":[{"href":"https:\/\/utwl.pl\/index.php?rest_route=%2Fwp%2Fv2%2Fmedia&parent=4077"}],"wp:term":[{"taxonomy":"category","embeddable":true,"href":"https:\/\/utwl.pl\/index.php?rest_route=%2Fwp%2Fv2%2Fcategories&post=4077"},{"taxonomy":"post_tag","embeddable":true,"href":"https:\/\/utwl.pl\/index.php?rest_route=%2Fwp%2Fv2%2Ftags&post=4077"}],"curies":[{"name":"wp","href":"https:\/\/api.w.org\/{rel}","templated":true}]}}